{"id":152347,"date":"2020-02-08T10:52:42","date_gmt":"2020-02-08T13:52:42","guid":{"rendered":"http:\/\/www.caririemacao.com\/1\/?p=152347"},"modified":"2020-02-08T10:52:43","modified_gmt":"2020-02-08T13:52:43","slug":"petrobras-reduz-o-preco-do-gas-de-cozinha-a-partir-deste-sabado","status":"publish","type":"post","link":"https:\/\/www.caririemacao.com\/1\/2020\/02\/08\/petrobras-reduz-o-preco-do-gas-de-cozinha-a-partir-deste-sabado\/","title":{"rendered":"Petrobras reduz o pre\u00e7o do g\u00e1s de cozinha a partir deste s\u00e1bado"},"content":{"rendered":"\n<p>A Petrobras anunciou que vai diminuir os pre\u00e7os do GLP (g\u00e1s de cozinha), tanto para uso residencial nos botij\u00f5es de 13 quilos, como para uso industrial e comercial em 3% a partir deste s\u00e1bado, em suas refinarias e base.<\/p>\n\n\n\n<p>Nas refinarias, conforme o jornal O Globo, a redu\u00e7\u00e3o ser\u00e1 da ordem de R$ 0, 85 por botij\u00e3o.<\/p>\n\n\n\n<p>Esta \u00e9 a primeira altera\u00e7\u00e3o nos pre\u00e7os do GLP feita pela companhia neste ano.<\/p>\n\n\n\n<p>A \u00faltima vez foi no dia 27 de dezembro do ano passado quando aumentou os pre\u00e7os do GLP em 5% em m\u00e9dia.<\/p>\n\n\n\n<p><em>PB Online<\/em><\/p>\n","protected":false},"excerpt":{"rendered":"<p>A Petrobras anunciou que vai diminuir os pre\u00e7os do GLP (g\u00e1s de cozinha), tanto para uso residencial nos botij\u00f5es de 13 quilos, como para uso&hellip; <\/p>\n","protected":false},"author":1,"featured_media":96286,"comment_status":"closed","ping_status":"closed","sticky":false,"template":"","format":"standard","meta":{"sfsi_plus_gutenberg_text_before_share":"","sfsi_plus_gutenberg_show_text_before_share":"","sfsi_plus_gutenberg_icon_type":"","sfsi_plus_gutenberg_icon_alignemt":"","sfsi_plus_gutenburg_max_per_row":"","footnotes":""},"categories":[2],"tags":[],"class_list":["post-152347","post","type-post","status-publish","format-standard","has-post-thumbnail","hentry","category-geral"],"_links":{"self":[{"href":"https:\/\/www.caririemacao.com\/1\/wp-json\/wp\/v2\/posts\/152347","targetHints":{"allow":["GET"]}}],"collection":[{"href":"https:\/\/www.caririemacao.com\/1\/wp-json\/wp\/v2\/posts"}],"about":[{"href":"https:\/\/www.caririemacao.com\/1\/wp-json\/wp\/v2\/types\/post"}],"author":[{"embeddable":true,"href":"https:\/\/www.caririemacao.com\/1\/wp-json\/wp\/v2\/users\/1"}],"replies":[{"embeddable":true,"href":"https:\/\/www.caririemacao.com\/1\/wp-json\/wp\/v2\/comments?post=152347"}],"version-history":[{"count":1,"href":"https:\/\/www.caririemacao.com\/1\/wp-json\/wp\/v2\/posts\/152347\/revisions"}],"predecessor-version":[{"id":152348,"href":"https:\/\/www.caririemacao.com\/1\/wp-json\/wp\/v2\/posts\/152347\/revisions\/152348"}],"wp:featuredmedia":[{"embeddable":true,"href":"https:\/\/www.caririemacao.com\/1\/wp-json\/wp\/v2\/media\/96286"}],"wp:attachment":[{"href":"https:\/\/www.caririemacao.com\/1\/wp-json\/wp\/v2\/media?parent=152347"}],"wp:term":[{"taxonomy":"category","embeddable":true,"href":"https:\/\/www.caririemacao.com\/1\/wp-json\/wp\/v2\/categories?post=152347"},{"taxonomy":"post_tag","embeddable":true,"href":"https:\/\/www.caririemacao.com\/1\/wp-json\/wp\/v2\/tags?post=152347"}],"curies":[{"name":"wp","href":"https:\/\/api.w.org\/{rel}","templated":true}]}}