{"id":152351,"date":"2020-02-08T10:54:46","date_gmt":"2020-02-08T13:54:46","guid":{"rendered":"http:\/\/www.caririemacao.com\/1\/?p=152351"},"modified":"2020-02-08T10:54:48","modified_gmt":"2020-02-08T13:54:48","slug":"historia-inedita-escrita-pelo-paraibano-ariano-suassuna-para-virar-filme-e-lancada-como-livro","status":"publish","type":"post","link":"https:\/\/www.caririemacao.com\/1\/2020\/02\/08\/historia-inedita-escrita-pelo-paraibano-ariano-suassuna-para-virar-filme-e-lancada-como-livro\/","title":{"rendered":"Hist\u00f3ria in\u00e9dita escrita pelo paraibano Ariano Suassuna para virar filme \u00e9 lan\u00e7ada como livro"},"content":{"rendered":"\n<p>Antes de come\u00e7ar a ler este texto, fa\u00e7a um teste. Entre em uma das plataformas de streaming e ou\u00e7a algum \u00e1lbum do Quinteto Armorial. Ao mesmo tempo, leia os trechos do livro &#8220;O Sedutor do Sert\u00e3o&#8221; que est\u00e3o logo abaixo.<\/p>\n\n\n\n<p>O grupo musical \u00e9 uma das faces do movimento armorial, criado por Ariano Suassuna em 1970 e que pretendia fazer uma arte erudita a partir da cultura popular. J\u00e1 &#8220;O Sedutor do Sert\u00e3o&#8221; \u00e9 um romance in\u00e9dito do autor, escrito em 1966 como roteiro para um filme nunca produzido \u2013mas que agora ganha a forma de livro, que chega \u00e0s livrarias na pr\u00f3xima semana.<\/p>\n\n\n\n<p>O casamento quase perfeito entre texto e melodia n\u00e3o \u00e9 acaso ou mera capta\u00e7\u00e3o de um esp\u00edrito da \u00e9poca. Ao contr\u00e1rio. \u00c9 um movimento consciente de Suassuna, que encarava sua produ\u00e7\u00e3o art\u00edstica como algo mais coeso do que um amontoado de coisas.&nbsp;<\/p>\n\n\n\n<p>Embora cada publica\u00e7\u00e3o (e, a\u00ed, levando em conta romances, poemas, pe\u00e7as e at\u00e9 pinturas) possa ser vista de maneira independente, elas formam partes de um mesmo quebra-cabe\u00e7a ou, na defini\u00e7\u00e3o do autor, de uma &#8220;ilumiara&#8221;.<\/p>\n\n\n\n<p>Essa unidade que forma uma certa obra total foi sendo lapidada ao longo das d\u00e9cadas por Suassuna, conhecido por ajustar e reescrever constantemente seus textos. N\u00e3o \u00e0 toa, na edi\u00e7\u00e3o de 2004 de &#8220;A Pedra do Reino&#8221;, por exemplo, ele acrescentou Jo\u00e3o Grilo e Chic\u00f3 na narrativa, personagens mais do que c\u00e9lebres de &#8220;Auto da Compadecida&#8221;.<\/p>\n\n\n\n<p>O esfor\u00e7o teve um de seus \u00e1pices em 2013, um ano antes de sua morte. Na \u00e9poca, o artista paraibano tinha sofrido um infarto agudo do mioc\u00e1rdio e reuniu em sua casa o filho Manuel Dantas Suassuna e o professor da Universidade Federal de Pernambuco Carlos Newton Junior.<\/p>\n\n\n\n<p>&#8220;Foi duro. Ele passou a manh\u00e3 inteira nos preparando sobre como conduzir a obra dele depois que morresse&#8221;, lembra Manuel.&nbsp;<\/p>\n\n\n\n<p>Suassuna queria que toda a produ\u00e7\u00e3o fosse reunida em uma \u00fanica editora, com o mesmo projeto gr\u00e1fico. &#8220;Para que n\u00e3o fosse lan\u00e7ado s\u00f3 o que j\u00e1 era sucesso de cr\u00edtica, mas tamb\u00e9m os in\u00e9ditos e os esgotados&#8221;, conta Junior.<\/p>\n\n\n\n<p>\u00c9 nesse contexto que a Nova Fronteira republicou &#8220;Romance d&#8217;A Pedra do Reino&#8221;, considerada sua obra-prima. Em 2018, foi a vez de &#8220;Teatro Completo&#8221;, com 1.890 p\u00e1ginas e 12 textos in\u00e9ditos.<\/p>\n\n\n\n<p>\u00c9 desse desdobramento tamb\u00e9m que chega \u00e0s livrarias o romance &#8220;O Sedutor do Sert\u00e3o ou o Grande Golpe da Mulher e da Malvada&#8221;. Escrito em 1966, enquanto produzia &#8220;A Pedra do Reino&#8221;, ele n\u00e3o \u00e9 s\u00f3 a base de um roteiro cinematogr\u00e1fico nunca rodado.<\/p>\n\n\n\n<p>A hist\u00f3ria traz Malaquias Pav\u00e3o, ao mesmo tempo her\u00f3i e um sedutor quase mau-car\u00e1ter, que surge em &#8220;A Pedra do Reino&#8221; como Malaquias Nicolau Pav\u00e3o Quaderna, um dos irm\u00e3os do narrador.&nbsp;<\/p>\n\n\n\n<p>Como se passa anos antes dos fatos de &#8220;A Pedra&#8221;, o novo romance pode ser visto como um prel\u00fadio da famosa trama \u2013ou outra das pe\u00e7as que formam a &#8220;ilumiara&#8221; do autor.<\/p>\n\n\n\n<p>Recheado do humor de Suassuna, a edi\u00e7\u00e3o de &#8220;O Sedutor do Sert\u00e3o&#8221; \u00e9 costurada por cerca de 50 ilustra\u00e7\u00f5es feitas por Manuel Dantas Suassuna. &#8220;Fiz tudo em quatro dias&#8221;, diz.<\/p>\n\n\n\n<p>Segundo o filho do artista, ele partiu das ideias do movimento armorial e das xilogravuras de Gilvan Samico, artista morto em 2013, para produzir os desenhos pincelados a nanquim. &#8220;N\u00e3o tenho mais tempo de fazer matriz de xilogravura&#8221;, brinca.<br>&#8220;Conversava muito com papai sobre o que seria uma pintura brasileira. Ent\u00e3o peguei a xilogravura, a pintura rupestre, o grafismo africano e juntei com os ferros do movimento armorial&#8221;, completa.<\/p>\n\n\n\n<p>Se &#8220;O Sedutor&#8221; \u00e9 uma pe\u00e7a do quebra-cabe\u00e7a de Suassuna, ela n\u00e3o forma somente a obra total do autor \u2013tamb\u00e9m ajuda a dar contornos \u00e0 trajet\u00f3ria familiar do artista e at\u00e9 \u00e0 hist\u00f3ria do Brasil.&nbsp;<\/p>\n\n\n\n<p>O romance tem como pano de fundo o ano de 1930 na Para\u00edba, quando sertanejos se revoltaram contra o governador, Jo\u00e3o Pessoa \u2013instabilidade pol\u00edtica que acabaria com o assassinato do pol\u00edtico e o golpe que levou Get\u00falio Vargas \u00e0 Presid\u00eancia.<\/p>\n\n\n\n<p>Pois o pai de Ariano e av\u00f4 de Manuel, Jo\u00e3o Suassuna, havia sido governador da Para\u00edba anos antes e era advers\u00e1rio pol\u00edtico de Jo\u00e3o Pessoa. Ao descobrirem que o assassino de Pessoa era Jo\u00e3o Dantas, primo da mulher de Jo\u00e3o Suassuna, o pai de Ariano se tornou suspeito de ter sido c\u00famplice do crime \u2013e foi morto a tiros tr\u00eas meses depois.<\/p>\n\n\n\n<p>Ariano tinha tr\u00eas anos na \u00e9poca. Por isso, nunca chamou a capital paraibana de Jo\u00e3o Pessoa, por exemplo, nome que a cidade recebeu ap\u00f3s a morte do ex-governador.&nbsp;<\/p>\n\n\n\n<p>O impacto familiar fez ainda com que esse caldo pol\u00edtico de 1930 aparecesse aqui e ali na &#8220;ilumiara&#8221; de Suassuna. A ponto de ele dizer que abandonou a ideia de transformar &#8220;A Pedra do Reino&#8221; em uma trilogia porque j\u00e1 n\u00e3o conseguia se distanciar do narrador, Pedro Dinis Quaderna, principalmente em rela\u00e7\u00e3o aos fatos da Revolu\u00e7\u00e3o de 1930.<br>&#8220;Era uma briga pol\u00edtica que se tornou pessoal&#8221;, diz Manuel, que planeja lan\u00e7ar um livro sobre 1930 com hist\u00f3rias da fam\u00edlia e uma carta do av\u00f4 escrita na \u00e9poca, na qual ele nega que tenha participa\u00e7\u00e3o na morte de Jo\u00e3o Pessoa.<\/p>\n\n\n\n<p>Enquanto o t\u00edtulo n\u00e3o sai, a obra de Suassuna d\u00e1 um tratamento ficcional para o caso.&nbsp;<br>Para o segundo semestre, est\u00e1 previsto o lan\u00e7amento da poesia completa do autor. &#8220;Ele surgiu como poeta na d\u00e9cada de 1940, mas seus poemas foram pouco conhecidos&#8221;, conta o professor Carlos Newton Junior, que hoje faz a organiza\u00e7\u00e3o dos escritos e da biblioteca do artista.<\/p>\n\n\n\n<p>Al\u00e9m da poesia, ser\u00e1 publicado no ano que vem outro romance in\u00e9dito: &#8220;As Inf\u00e2ncias de Quaderna&#8221;, que j\u00e1 havia sa\u00eddo em fasc\u00edculos no Di\u00e1rio de Pernambuco, mas nunca foi reunido em uma edi\u00e7\u00e3o.&nbsp;<\/p>\n\n\n\n<p>&#8220;Que eu saiba, existe s\u00f3 mais um romance in\u00e9dito, mas incompleto: &#8216;A Guerra de Doze&#8217;. Mas nunca encontrei&#8221;, afirma Junior.<\/p>\n\n\n\n<p>Al\u00e9m das novas edi\u00e7\u00f5es, o autor tamb\u00e9m inspirou o rec\u00e9m-criado Instituto Ariano Suassuna, que pretende promover estudos, publicar livros, digitalizar o acervo, organizar mostras e abrir a casa dele, no Recife, para visita\u00e7\u00e3o.<\/p>\n\n\n\n<p>&#8220;\u00c9 uma maneira de ficar perto depois do &#8216;encantamento&#8217; dele&#8221;, fala Manuel, que n\u00e3o diz que o pai morreu. &#8220;\u00c9 como dizia o Guimar\u00e3es Rosa: a pessoa n\u00e3o morre, se encanta.&#8221;<\/p>\n\n\n\n<p>Ou como o pr\u00f3prio Suassuna disse certa vez: a arte \u00e9 uma esp\u00e9cie de protesto contra a morte. Se for isso mesmo, a sua &#8220;ilumiara&#8221; \u00e9 um protesto que segue vivo.<\/p>\n\n\n\n<p>O SEDUTOR DO SERT\u00c3O OU O GRANDE GOLPE DA MULHER E DA MALVADA<\/p>\n\n\n\n<p>Pre\u00e7o: R$ 49,90 (248 p\u00e1gs.)<br>Autor: Ariano Suassuna<br>Editora: Nova Fronteira<br>Ilustrador: Manuel Dantas Suassuna<\/p>\n","protected":false},"excerpt":{"rendered":"<p>Antes de come\u00e7ar a ler este texto, fa\u00e7a um teste. Entre em uma das plataformas de streaming e ou\u00e7a algum \u00e1lbum do Quinteto Armorial. Ao&hellip; <\/p>\n","protected":false},"author":1,"featured_media":23718,"comment_status":"closed","ping_status":"closed","sticky":false,"template":"","format":"standard","meta":{"sfsi_plus_gutenberg_text_before_share":"","sfsi_plus_gutenberg_show_text_before_share":"","sfsi_plus_gutenberg_icon_type":"","sfsi_plus_gutenberg_icon_alignemt":"","sfsi_plus_gutenburg_max_per_row":"","footnotes":""},"categories":[2],"tags":[],"class_list":["post-152351","post","type-post","status-publish","format-standard","has-post-thumbnail","hentry","category-geral"],"_links":{"self":[{"href":"https:\/\/www.caririemacao.com\/1\/wp-json\/wp\/v2\/posts\/152351","targetHints":{"allow":["GET"]}}],"collection":[{"href":"https:\/\/www.caririemacao.com\/1\/wp-json\/wp\/v2\/posts"}],"about":[{"href":"https:\/\/www.caririemacao.com\/1\/wp-json\/wp\/v2\/types\/post"}],"author":[{"embeddable":true,"href":"https:\/\/www.caririemacao.com\/1\/wp-json\/wp\/v2\/users\/1"}],"replies":[{"embeddable":true,"href":"https:\/\/www.caririemacao.com\/1\/wp-json\/wp\/v2\/comments?post=152351"}],"version-history":[{"count":1,"href":"https:\/\/www.caririemacao.com\/1\/wp-json\/wp\/v2\/posts\/152351\/revisions"}],"predecessor-version":[{"id":152352,"href":"https:\/\/www.caririemacao.com\/1\/wp-json\/wp\/v2\/posts\/152351\/revisions\/152352"}],"wp:featuredmedia":[{"embeddable":true,"href":"https:\/\/www.caririemacao.com\/1\/wp-json\/wp\/v2\/media\/23718"}],"wp:attachment":[{"href":"https:\/\/www.caririemacao.com\/1\/wp-json\/wp\/v2\/media?parent=152351"}],"wp:term":[{"taxonomy":"category","embeddable":true,"href":"https:\/\/www.caririemacao.com\/1\/wp-json\/wp\/v2\/categories?post=152351"},{"taxonomy":"post_tag","embeddable":true,"href":"https:\/\/www.caririemacao.com\/1\/wp-json\/wp\/v2\/tags?post=152351"}],"curies":[{"name":"wp","href":"https:\/\/api.w.org\/{rel}","templated":true}]}}