{"id":152355,"date":"2020-02-08T10:56:02","date_gmt":"2020-02-08T13:56:02","guid":{"rendered":"http:\/\/www.caririemacao.com\/1\/?p=152355"},"modified":"2020-02-08T10:56:03","modified_gmt":"2020-02-08T13:56:03","slug":"entidades-vao-processar-guedes-por-chamar-servidores-de-parasitas","status":"publish","type":"post","link":"https:\/\/www.caririemacao.com\/1\/2020\/02\/08\/entidades-vao-processar-guedes-por-chamar-servidores-de-parasitas\/","title":{"rendered":"Entidades v\u00e3o processar Guedes por chamar servidores de \u201cparasitas\u201d"},"content":{"rendered":"\n<p>O F\u00f3rum Nacional dos Funcion\u00e1rios P\u00fablicos de Carreira e v\u00e1rias outras entidades de representa\u00e7\u00e3o do funcionalismo p\u00fablico mobilizam-se para acionar o Ministro da Economia, Paulo Guedes, na Justi\u00e7a, e junto ao Conselho de \u00c9tica da Presid\u00eancia da Rep\u00fablica, por declara\u00e7\u00f5es consideradas ofensivas \u00e0s categorias. Em evento, ontem, no Rio, ao defender a aprova\u00e7\u00e3o da reforma administrativa, Guedes disse que o funcionalismo teve aumento de 50% acima da infla\u00e7\u00e3o, tem estabilidade de emprego, aposentadoria generosa, \u201ctem tudo\u201d. E, no entanto, segundo ele, o funcion\u00e1rio p\u00fablico virou \u201cum parasita\u201d e o dinheiro n\u00e3o est\u00e1 chegando no povo.<\/p>\n\n\n\n<p>Guedes pontuou que a reforma administrativa vai fazer com que mais recursos possam ser direcionados a \u00e1reas essenciais e lamentou o custo da folha de pagamento, apontando-o como entrave a melhorias para a sociedade. A rea\u00e7\u00e3o foi imediata. O presidente do F\u00f3rum de Carreiras T\u00edpicas de Estado, Rudinei Marques, revela que ficou configurado \u201cass\u00e9dio institucional\u201d e que cabe o recurso \u00e0 Justi\u00e7a. No Twitter, o ministro do Tribunal de Contas da Uni\u00e3o Bruno Dantas compartilhou incr\u00e9dulo a not\u00edcia sobre a compara\u00e7\u00e3o feita pelo ministro Guedes. \u201cN\u00e3o pode ser verdade\u2026\u201d, escreveu.<\/p>\n\n\n\n<p>Ap\u00f3s a repercuss\u00e3o negativa, o Minist\u00e9rio da Economia decidiu divulgar uma nota informando que \u201cap\u00f3s reconhecer a elevada qualidade do quadro de servidores, o ministro Paulo Guedes analisou situa\u00e7\u00f5es espec\u00edficas de Estados e munic\u00edpios que t\u00eam o Or\u00e7amento comprometido com a folha de pagamento\u201d. No comunicado oficial, Guedes se justifica dizendo que citava governos com despesas acima do limite prudencial da Lei de Responsabilidade Fiscal para gastos com pessoal. \u201cNessa situa\u00e7\u00e3o extrema, n\u00e3o sobram recursos para gastos essenciais em \u00e1reas fundamentais como sa\u00fade, educa\u00e7\u00e3o e saneamento\u201d, diz a nota.<\/p>\n\n\n\n<p>Acrescenta o comunicado que o ministro argumentou que o pa\u00eds n\u00e3o pode mais continuar com pol\u00edticas antigas de reajustes sistem\u00e1ticos. \u201cIsso faz com que os recursos dos pagadores de impostos sejam usados para manter a m\u00e1quina p\u00fablica em vez de servir \u00e0 popula\u00e7\u00e3o, o principal motivo da exist\u00eancia do servi\u00e7o p\u00fablico\u201d. A nota diz ainda que o ministro defendeu uma reforma administrativa que corrija distor\u00e7\u00f5es sem tirar direitos constitucionais dos atuais servidores. \u201cO ministro lamenta profundamente que sua fala tenha sido retirada de contexto pela imprensa, desviando o foco do que \u00e9 realmente importante no momento: transformar o Estado brasileiro para prestar melhores servi\u00e7os ao cidad\u00e3o\u201d, esclareceu.<\/p>\n\n\n\n<p>Essa n\u00e3o \u00e9 a primeira vez que o ministro precisa dar explica\u00e7\u00f5es sobre declara\u00e7\u00f5es pol\u00eamicas. No ano passado, em evento em Fortaleza (CE), Paulo Guedes disse que a mulher do presidente franc\u00eas Emmanuel Macron \u201c\u00e9 feia mesmo\u201d, corroborando uma fala do presidente Jair Bolsonaro nesse sentido. Ap\u00f3s o epis\u00f3dio, o Minist\u00e9rio da Economia divulgou nota dizendo tratar-se de \u201cuma brincadeira\u201d e pediu desculpas. No in\u00edcio deste ano, Guedes disse no F\u00f3rum Econ\u00f4mico Mundial em Davos, na Su\u00ed\u00e7a, que \u201co grande inimigo do meio ambiente \u00e9 a pobreza\u201d. A declara\u00e7\u00e3o tamb\u00e9m foi mal recebida.<\/p>\n","protected":false},"excerpt":{"rendered":"<p>O F\u00f3rum Nacional dos Funcion\u00e1rios P\u00fablicos de Carreira e v\u00e1rias outras entidades de representa\u00e7\u00e3o do funcionalismo p\u00fablico mobilizam-se para acionar o Ministro da Economia, Paulo&hellip; <\/p>\n","protected":false},"author":1,"featured_media":152356,"comment_status":"closed","ping_status":"closed","sticky":false,"template":"","format":"standard","meta":{"sfsi_plus_gutenberg_text_before_share":"","sfsi_plus_gutenberg_show_text_before_share":"","sfsi_plus_gutenberg_icon_type":"","sfsi_plus_gutenberg_icon_alignemt":"","sfsi_plus_gutenburg_max_per_row":"","footnotes":""},"categories":[2],"tags":[],"class_list":["post-152355","post","type-post","status-publish","format-standard","has-post-thumbnail","hentry","category-geral"],"_links":{"self":[{"href":"https:\/\/www.caririemacao.com\/1\/wp-json\/wp\/v2\/posts\/152355","targetHints":{"allow":["GET"]}}],"collection":[{"href":"https:\/\/www.caririemacao.com\/1\/wp-json\/wp\/v2\/posts"}],"about":[{"href":"https:\/\/www.caririemacao.com\/1\/wp-json\/wp\/v2\/types\/post"}],"author":[{"embeddable":true,"href":"https:\/\/www.caririemacao.com\/1\/wp-json\/wp\/v2\/users\/1"}],"replies":[{"embeddable":true,"href":"https:\/\/www.caririemacao.com\/1\/wp-json\/wp\/v2\/comments?post=152355"}],"version-history":[{"count":1,"href":"https:\/\/www.caririemacao.com\/1\/wp-json\/wp\/v2\/posts\/152355\/revisions"}],"predecessor-version":[{"id":152357,"href":"https:\/\/www.caririemacao.com\/1\/wp-json\/wp\/v2\/posts\/152355\/revisions\/152357"}],"wp:featuredmedia":[{"embeddable":true,"href":"https:\/\/www.caririemacao.com\/1\/wp-json\/wp\/v2\/media\/152356"}],"wp:attachment":[{"href":"https:\/\/www.caririemacao.com\/1\/wp-json\/wp\/v2\/media?parent=152355"}],"wp:term":[{"taxonomy":"category","embeddable":true,"href":"https:\/\/www.caririemacao.com\/1\/wp-json\/wp\/v2\/categories?post=152355"},{"taxonomy":"post_tag","embeddable":true,"href":"https:\/\/www.caririemacao.com\/1\/wp-json\/wp\/v2\/tags?post=152355"}],"curies":[{"name":"wp","href":"https:\/\/api.w.org\/{rel}","templated":true}]}}