{"id":152360,"date":"2020-02-08T10:59:53","date_gmt":"2020-02-08T13:59:53","guid":{"rendered":"http:\/\/www.caririemacao.com\/1\/?p=152360"},"modified":"2020-02-08T10:59:54","modified_gmt":"2020-02-08T13:59:54","slug":"presidente-do-instituto-vem-cuidar-de-mim-repudia-fim-da-gratuidade-das-passagens-intermunicipais-na-paraiba-para-portadores-de-cancer","status":"publish","type":"post","link":"https:\/\/www.caririemacao.com\/1\/2020\/02\/08\/presidente-do-instituto-vem-cuidar-de-mim-repudia-fim-da-gratuidade-das-passagens-intermunicipais-na-paraiba-para-portadores-de-cancer\/","title":{"rendered":"Presidente do Instituto Vem Cuidar de Mim repudia fim da gratuidade das passagens intermunicipais na Para\u00edba para portadores de c\u00e2ncer"},"content":{"rendered":"\n<p>O presidente do Instituto Vem Cuidar de Mim, Jo\u00e3o Eduardo Melo emitiu uma nota repudiando o&nbsp;fim da gratuidade das passagens intermunicipais na Para\u00edba para portadores de c\u00e2ncer. O&nbsp;Supremo Tribunal Federal (STF)&nbsp;<a href=\"https:\/\/www.clickpb.com.br\/paraiba\/stf-derruba-lei-paraibana-e-pacientes-com-cancer-nao-tem-mais-gratuidade-em-transporte-intermunicipal-277504.html\">derrubou nesta sexta-feira (7)<\/a>, a&nbsp;lei paraibana e pessoas com c\u00e2ncer perderam a&nbsp;gratuidade em transporte intermunicipal.<\/p>\n\n\n\n<p>Para finalizar a nota, Jo\u00e3o Eduardo pede ajuda ao governador Jo\u00e3o Azev\u00eado para que ele apresente uma medida provis\u00f3ria &#8220;que restabele\u00e7a imediatamente, \u00e0 milhares de pacientes espalhados por todos os recantos do nosso Estado, a garantia da continuidade dos seus tratamentos e a dignidade em poder continuar lutando pela vida.&#8221;.<\/p>\n\n\n\n<p><strong>NOTA<\/strong><\/p>\n\n\n\n<p><em>No ano de 2014 recebi a triste e chocante not\u00edcia de que minha filha Maria Luiza, a Mam\u00e1, de apenas 4 anos portava em sua pelve um c\u00e2ncer maligno e extremamente agressivo.<\/em><\/p>\n\n\n\n<p><em>A partir da\u00ed precisei viver intensamente no Hospital Napole\u00e3o Laureano, em Jo\u00e3o Pessoa, a caminhada pela vida ao lado da minha filha e de tantos homens, mulheres e crian\u00e7as an\u00f4nimas, de diversos locais do nosso Estado, que unidos, tem um s\u00f3 objetivo de vencer e viver.<\/em><\/p>\n\n\n\n<p><em>Muitos desses pacientes se deslocam diariamente dos mais long\u00ednquos recantos da nossa Para\u00edba, para lutar pela vida seja no Hospital Laureano, no Hospital Universit\u00e1rio, no Hospital S\u00e3o Vicente de Paula em Jo\u00e3o Pessoa, ou no Hospital da FAP em Campina Grande.<\/em><\/p>\n\n\n\n<p><em>Ontem fomos surpreendidos com a not\u00edcia do fim da gratuidade das passagens nos transporte intermunicipais da Para\u00edba para portadores de c\u00e2ncer, por inconstitucionalidade da lei, decis\u00e3o esta que em muitos casos inviabilizar\u00e1 a continuidade do tratamento para muitos portadores de c\u00e2ncer, de extrema situa\u00e7\u00e3o de car\u00eancia e que residem distante desses hospitais de refer\u00eancia, trazendo a eles um grande risco de morte, pois o poder p\u00fablico n\u00e3o oferta o tratamento em regi\u00f5es pr\u00f3ximas a sua moradia.<\/em><\/p>\n\n\n\n<p><em>Por esses motivos e pela necessidade do cuidar de milhares de cidad\u00e3os paraibanos, solicitamos ao Senhor Governador do Estado da Para\u00edba, Jo\u00e3o Azevedo, que apresente em car\u00e1ter de urg\u00eancia, a Assembl\u00e9ia Legislativa do Estado, uma Medida Provis\u00f3ria que restabele\u00e7a imediatamente, \u00e0 milhares de pacientes espalhados por todos os recantos do nosso Estado, a garantia da continuidade dos seus tratamentos e a dignidade em poder continuar lutando pela vida.<\/em><\/p>\n\n\n\n<p><em>Minha filha venceu, porque n\u00e3o permitir a outros que possa lutar pela vit\u00f3ria ???<\/em><\/p>\n\n\n\n<p><em>Vamos \u00e0 luta !!!<\/em><\/p>\n\n\n\n<p><em>Jo\u00e3o Eduardo Moraes de Melo<br>Presidente do Instituto Vem Cuidar de Mim<\/em><\/p>\n","protected":false},"excerpt":{"rendered":"<p>O presidente do Instituto Vem Cuidar de Mim, Jo\u00e3o Eduardo Melo emitiu uma nota repudiando o&nbsp;fim da gratuidade das passagens intermunicipais na Para\u00edba para portadores&hellip; <\/p>\n","protected":false},"author":1,"featured_media":152361,"comment_status":"closed","ping_status":"closed","sticky":false,"template":"","format":"standard","meta":{"sfsi_plus_gutenberg_text_before_share":"","sfsi_plus_gutenberg_show_text_before_share":"","sfsi_plus_gutenberg_icon_type":"","sfsi_plus_gutenberg_icon_alignemt":"","sfsi_plus_gutenburg_max_per_row":"","footnotes":""},"categories":[2],"tags":[],"class_list":["post-152360","post","type-post","status-publish","format-standard","has-post-thumbnail","hentry","category-geral"],"_links":{"self":[{"href":"https:\/\/www.caririemacao.com\/1\/wp-json\/wp\/v2\/posts\/152360","targetHints":{"allow":["GET"]}}],"collection":[{"href":"https:\/\/www.caririemacao.com\/1\/wp-json\/wp\/v2\/posts"}],"about":[{"href":"https:\/\/www.caririemacao.com\/1\/wp-json\/wp\/v2\/types\/post"}],"author":[{"embeddable":true,"href":"https:\/\/www.caririemacao.com\/1\/wp-json\/wp\/v2\/users\/1"}],"replies":[{"embeddable":true,"href":"https:\/\/www.caririemacao.com\/1\/wp-json\/wp\/v2\/comments?post=152360"}],"version-history":[{"count":1,"href":"https:\/\/www.caririemacao.com\/1\/wp-json\/wp\/v2\/posts\/152360\/revisions"}],"predecessor-version":[{"id":152362,"href":"https:\/\/www.caririemacao.com\/1\/wp-json\/wp\/v2\/posts\/152360\/revisions\/152362"}],"wp:featuredmedia":[{"embeddable":true,"href":"https:\/\/www.caririemacao.com\/1\/wp-json\/wp\/v2\/media\/152361"}],"wp:attachment":[{"href":"https:\/\/www.caririemacao.com\/1\/wp-json\/wp\/v2\/media?parent=152360"}],"wp:term":[{"taxonomy":"category","embeddable":true,"href":"https:\/\/www.caririemacao.com\/1\/wp-json\/wp\/v2\/categories?post=152360"},{"taxonomy":"post_tag","embeddable":true,"href":"https:\/\/www.caririemacao.com\/1\/wp-json\/wp\/v2\/tags?post=152360"}],"curies":[{"name":"wp","href":"https:\/\/api.w.org\/{rel}","templated":true}]}}