{"id":152364,"date":"2020-02-08T11:02:39","date_gmt":"2020-02-08T14:02:39","guid":{"rendered":"http:\/\/www.caririemacao.com\/1\/?p=152364"},"modified":"2020-02-08T11:02:40","modified_gmt":"2020-02-08T14:02:40","slug":"ufcg-adia-divulgacao-da-primeira-chamada-da-lista-de-espera-do-sisu","status":"publish","type":"post","link":"https:\/\/www.caririemacao.com\/1\/2020\/02\/08\/ufcg-adia-divulgacao-da-primeira-chamada-da-lista-de-espera-do-sisu\/","title":{"rendered":"UFCG adia divulga\u00e7\u00e3o da primeira chamada da lista de espera do Sisu"},"content":{"rendered":"\n<p>A Universidade Federal de Campina Grande (UFCG) informou nesta sexta-feira (7), informou que adiou a divulga\u00e7\u00e3o da&nbsp;&nbsp;primeira chamada para candidatos da lista de espera do Sistema de Sele\u00e7\u00e3o Unificada (Sisu). De acordo com a institui\u00e7\u00e3o, o adiamento ocorre ap\u00f3s uma recomenda\u00e7\u00e3o do&nbsp;Minist\u00e9rio da Educa\u00e7\u00e3o (MEC).<\/p>\n\n\n\n<p>No comunicado divulgado nas redes sociais da universidade, a lista ser\u00e1&nbsp;divulgada novamente quando o pr\u00f3prio MEC liberar o documento novamente e a situa\u00e7\u00e3o esteja normalizada.&nbsp;<\/p>\n\n\n\n<figure><iframe data-src=\"https:\/\/www.instagram.com\/p\/B8RH2hABTDK\/embed\/captioned\/?cr=1&amp;v=12&amp;wp=540&amp;rd=https%3A%2F%2Fwww.clickpb.com.br&amp;rp=%2Fadmin%2Fportal%2Fportalarticle%2Fadd%2F#%7B%22ci%22%3A0%2C%22os%22%3A570209.814999951%2C%22ls%22%3A570165.0149999186%2C%22le%22%3A570196.5849999106%7D\" allowfullscreen=\"true\" height=\"1026\" src=\"data:image\/svg+xml;base64,PHN2ZyB3aWR0aD0iMSIgaGVpZ2h0PSIxIiB4bWxucz0iaHR0cDovL3d3dy53My5vcmcvMjAwMC9zdmciPjwvc3ZnPg==\" class=\"lazyload\" data-load-mode=\"1\"><\/iframe><\/figure>\n\n\n\n<p>A&nbsp;Universidade Estadual da Para\u00edba (UEPB) e o Instituto Federal da Para\u00edba (IFPB) informaram que receberam a mesma recomenda\u00e7\u00e3o, mas que n\u00e3o foram prejudicados porque o calend\u00e1rio de ambas as institui\u00e7\u00f5es prev\u00ea a divulga\u00e7\u00e3o da primeira chamada da lista de espera para depois do dia 10 de fevereiro. J\u00e1 a&nbsp;Universidade Federal da Para\u00edba (UFPB) confirmou que a institui\u00e7\u00e3o tamb\u00e9m foi notificada e que aguarda a divulga\u00e7\u00e3o da nova lista para publica\u00e7\u00e3o de um novo cronograma.<\/p>\n\n\n\n<p>O cronograma dispon\u00edvel no site do minist\u00e9rio informa que a publica\u00e7\u00e3o deve ser feita na pr\u00f3xima segunda-feira (10).<\/p>\n","protected":false},"excerpt":{"rendered":"<p>A Universidade Federal de Campina Grande (UFCG) informou nesta sexta-feira (7), informou que adiou a divulga\u00e7\u00e3o da&nbsp;&nbsp;primeira chamada para candidatos da lista de espera do&hellip; <\/p>\n","protected":false},"author":1,"featured_media":152365,"comment_status":"closed","ping_status":"closed","sticky":false,"template":"","format":"standard","meta":{"sfsi_plus_gutenberg_text_before_share":"","sfsi_plus_gutenberg_show_text_before_share":"","sfsi_plus_gutenberg_icon_type":"","sfsi_plus_gutenberg_icon_alignemt":"","sfsi_plus_gutenburg_max_per_row":"","footnotes":""},"categories":[14],"tags":[],"class_list":["post-152364","post","type-post","status-publish","format-standard","has-post-thumbnail","hentry","category-educacao"],"_links":{"self":[{"href":"https:\/\/www.caririemacao.com\/1\/wp-json\/wp\/v2\/posts\/152364","targetHints":{"allow":["GET"]}}],"collection":[{"href":"https:\/\/www.caririemacao.com\/1\/wp-json\/wp\/v2\/posts"}],"about":[{"href":"https:\/\/www.caririemacao.com\/1\/wp-json\/wp\/v2\/types\/post"}],"author":[{"embeddable":true,"href":"https:\/\/www.caririemacao.com\/1\/wp-json\/wp\/v2\/users\/1"}],"replies":[{"embeddable":true,"href":"https:\/\/www.caririemacao.com\/1\/wp-json\/wp\/v2\/comments?post=152364"}],"version-history":[{"count":1,"href":"https:\/\/www.caririemacao.com\/1\/wp-json\/wp\/v2\/posts\/152364\/revisions"}],"predecessor-version":[{"id":152366,"href":"https:\/\/www.caririemacao.com\/1\/wp-json\/wp\/v2\/posts\/152364\/revisions\/152366"}],"wp:featuredmedia":[{"embeddable":true,"href":"https:\/\/www.caririemacao.com\/1\/wp-json\/wp\/v2\/media\/152365"}],"wp:attachment":[{"href":"https:\/\/www.caririemacao.com\/1\/wp-json\/wp\/v2\/media?parent=152364"}],"wp:term":[{"taxonomy":"category","embeddable":true,"href":"https:\/\/www.caririemacao.com\/1\/wp-json\/wp\/v2\/categories?post=152364"},{"taxonomy":"post_tag","embeddable":true,"href":"https:\/\/www.caririemacao.com\/1\/wp-json\/wp\/v2\/tags?post=152364"}],"curies":[{"name":"wp","href":"https:\/\/api.w.org\/{rel}","templated":true}]}}