{"id":152370,"date":"2020-02-08T12:17:25","date_gmt":"2020-02-08T15:17:25","guid":{"rendered":"http:\/\/www.caririemacao.com\/1\/?p=152370"},"modified":"2020-02-08T12:17:27","modified_gmt":"2020-02-08T15:17:27","slug":"secretaria-de-agricultura-de-sao-joao-do-cariri-estimula-revitalizacao-da-cultura-da-pimenta-na-zona-rural","status":"publish","type":"post","link":"https:\/\/www.caririemacao.com\/1\/2020\/02\/08\/secretaria-de-agricultura-de-sao-joao-do-cariri-estimula-revitalizacao-da-cultura-da-pimenta-na-zona-rural\/","title":{"rendered":"Secretaria de Agricultura de S\u00e3o Jo\u00e3o do Cariri estimula revitaliza\u00e7\u00e3o da cultura da pimenta na zona rural"},"content":{"rendered":"\n<p>A Secretaria de Agricultura do munic\u00edpio de S\u00e3o Jo\u00e3o do Cariri juntamente com a UFPB, UFCG e a EMPAER est\u00e1 buscando trazer de volta a cultura da pimenta na comunidade do Uru\u00e7u.<\/p>\n\n\n\n<p>Foi feito uma visita a Cooperativa Hidrosul para discutir ideias de como trazer a cultura da pimenta de volta, que foi t\u00e3o forte h\u00e1 uns anos atr\u00e1s e foi acabando aos poucos.<\/p>\n\n\n\n<figure class=\"wp-block-image\"><img decoding=\"async\" data-src=\"https:\/\/www.paraibamix.com.br\/wp-content\/uploads\/2020\/02\/WhatsApp-Image-2020-02-07-at-20.15.50-2-1024x768.jpeg\" alt=\"\" class=\"wp-image-32087 lazyload\" src=\"data:image\/svg+xml;base64,PHN2ZyB3aWR0aD0iMSIgaGVpZ2h0PSIxIiB4bWxucz0iaHR0cDovL3d3dy53My5vcmcvMjAwMC9zdmciPjwvc3ZnPg==\" style=\"--smush-placeholder-width: 1024px; --smush-placeholder-aspect-ratio: 1024\/768;\" \/><\/figure>\n\n\n\n<p>Al\u00e9m de trazer esta pr\u00e1tica de volta, outro objetivo \u00e9 ajudar as pessoas daquela comunidade a melhorarem sua produtividade.<\/p>\n\n\n\n<p>O secret\u00e1rio de agricultura do munic\u00edpio, Z\u00e9 Cristovam disse que a gest\u00e3o municipal, por determina\u00e7\u00e3o do prefeito Helder Trajano se colocou a total disposi\u00e7\u00e3o para ajudar a fortalecer essa produ\u00e7\u00e3o que ajudar\u00e1 na economia de v\u00e1rias fam\u00edlias.<\/p>\n","protected":false},"excerpt":{"rendered":"<p>A Secretaria de Agricultura do munic\u00edpio de S\u00e3o Jo\u00e3o do Cariri juntamente com a UFPB, UFCG e a EMPAER est\u00e1 buscando trazer de volta a&hellip; <\/p>\n","protected":false},"author":1,"featured_media":152371,"comment_status":"closed","ping_status":"closed","sticky":false,"template":"","format":"standard","meta":{"sfsi_plus_gutenberg_text_before_share":"","sfsi_plus_gutenberg_show_text_before_share":"","sfsi_plus_gutenberg_icon_type":"","sfsi_plus_gutenberg_icon_alignemt":"","sfsi_plus_gutenburg_max_per_row":"","footnotes":""},"categories":[6],"tags":[],"class_list":["post-152370","post","type-post","status-publish","format-standard","has-post-thumbnail","hentry","category-cidades"],"_links":{"self":[{"href":"https:\/\/www.caririemacao.com\/1\/wp-json\/wp\/v2\/posts\/152370","targetHints":{"allow":["GET"]}}],"collection":[{"href":"https:\/\/www.caririemacao.com\/1\/wp-json\/wp\/v2\/posts"}],"about":[{"href":"https:\/\/www.caririemacao.com\/1\/wp-json\/wp\/v2\/types\/post"}],"author":[{"embeddable":true,"href":"https:\/\/www.caririemacao.com\/1\/wp-json\/wp\/v2\/users\/1"}],"replies":[{"embeddable":true,"href":"https:\/\/www.caririemacao.com\/1\/wp-json\/wp\/v2\/comments?post=152370"}],"version-history":[{"count":1,"href":"https:\/\/www.caririemacao.com\/1\/wp-json\/wp\/v2\/posts\/152370\/revisions"}],"predecessor-version":[{"id":152372,"href":"https:\/\/www.caririemacao.com\/1\/wp-json\/wp\/v2\/posts\/152370\/revisions\/152372"}],"wp:featuredmedia":[{"embeddable":true,"href":"https:\/\/www.caririemacao.com\/1\/wp-json\/wp\/v2\/media\/152371"}],"wp:attachment":[{"href":"https:\/\/www.caririemacao.com\/1\/wp-json\/wp\/v2\/media?parent=152370"}],"wp:term":[{"taxonomy":"category","embeddable":true,"href":"https:\/\/www.caririemacao.com\/1\/wp-json\/wp\/v2\/categories?post=152370"},{"taxonomy":"post_tag","embeddable":true,"href":"https:\/\/www.caririemacao.com\/1\/wp-json\/wp\/v2\/tags?post=152370"}],"curies":[{"name":"wp","href":"https:\/\/api.w.org\/{rel}","templated":true}]}}