{"id":152375,"date":"2020-02-08T14:02:23","date_gmt":"2020-02-08T17:02:23","guid":{"rendered":"http:\/\/www.caririemacao.com\/1\/?p=152375"},"modified":"2020-02-08T14:02:24","modified_gmt":"2020-02-08T17:02:24","slug":"prefeitura-de-zabele-estende-suas-acoes-ao-homem-do-campo","status":"publish","type":"post","link":"https:\/\/www.caririemacao.com\/1\/2020\/02\/08\/prefeitura-de-zabele-estende-suas-acoes-ao-homem-do-campo\/","title":{"rendered":"Prefeitura de Zabel\u00ea estende suas a\u00e7\u00f5es ao homem do campo"},"content":{"rendered":"\n<p>J\u00e1 se encontram a todo vapor, os trabalhos de corte de terras nas propriedades rurais no munic\u00edpio de Zabel\u00ea, numa a\u00e7\u00e3o da prefeitura atrav\u00e9s da secretaria municipal de Agricultura.<\/p>\n\n\n\n<p><br>\u00c9 a chuva caindo e as m\u00e1quinas da gest\u00e3o zabeleense deixando tudo pronto para as sementes serem lan\u00e7adas e fazendo brotar a esperan\u00e7a na vida do homem do campo.<\/p>\n\n\n\n<p><br>Com isso, a prefeitura busca a melhoria s\u00f3cio-econ\u00f4mica do munic\u00edpio e, de forma especial, \u00e2s pessoas que fazem parte da agricultura familiar que praticam a cultura de subsist\u00eancia como, por exemplo, o milho e o feij\u00e3o.<\/p>\n\n\n\n<p><br>Para o prefeito Dalysson Neves (PSDB),\u00a0 \u00e9 primordial, neste per\u00edodo, o incentivo \u00e0 renda fam\u00edliar dos agricultores que n\u00e3o disp\u00f5em de recursos financeiros para contrata\u00e7\u00e3o de tratores de particulares.<\/p>\n\n\n\n<p><br>Quem precisar deste tipo de servi\u00e7o \u00e9 s\u00f3 comparecer a secretaria de Agricultura e fazer a solicita\u00e7\u00e3o. Lembrando que a equipe est\u00e1 seguindo um cronograma por regi\u00f5es.\u00a0<\/p>\n","protected":false},"excerpt":{"rendered":"<p>J\u00e1 se encontram a todo vapor, os trabalhos de corte de terras nas propriedades rurais no munic\u00edpio de Zabel\u00ea, numa a\u00e7\u00e3o da prefeitura atrav\u00e9s da&hellip; <\/p>\n","protected":false},"author":1,"featured_media":152391,"comment_status":"closed","ping_status":"closed","sticky":false,"template":"","format":"standard","meta":{"sfsi_plus_gutenberg_text_before_share":"","sfsi_plus_gutenberg_show_text_before_share":"","sfsi_plus_gutenberg_icon_type":"","sfsi_plus_gutenberg_icon_alignemt":"","sfsi_plus_gutenburg_max_per_row":"","footnotes":""},"categories":[6],"tags":[],"class_list":["post-152375","post","type-post","status-publish","format-standard","has-post-thumbnail","hentry","category-cidades"],"_links":{"self":[{"href":"https:\/\/www.caririemacao.com\/1\/wp-json\/wp\/v2\/posts\/152375","targetHints":{"allow":["GET"]}}],"collection":[{"href":"https:\/\/www.caririemacao.com\/1\/wp-json\/wp\/v2\/posts"}],"about":[{"href":"https:\/\/www.caririemacao.com\/1\/wp-json\/wp\/v2\/types\/post"}],"author":[{"embeddable":true,"href":"https:\/\/www.caririemacao.com\/1\/wp-json\/wp\/v2\/users\/1"}],"replies":[{"embeddable":true,"href":"https:\/\/www.caririemacao.com\/1\/wp-json\/wp\/v2\/comments?post=152375"}],"version-history":[{"count":1,"href":"https:\/\/www.caririemacao.com\/1\/wp-json\/wp\/v2\/posts\/152375\/revisions"}],"predecessor-version":[{"id":152392,"href":"https:\/\/www.caririemacao.com\/1\/wp-json\/wp\/v2\/posts\/152375\/revisions\/152392"}],"wp:featuredmedia":[{"embeddable":true,"href":"https:\/\/www.caririemacao.com\/1\/wp-json\/wp\/v2\/media\/152391"}],"wp:attachment":[{"href":"https:\/\/www.caririemacao.com\/1\/wp-json\/wp\/v2\/media?parent=152375"}],"wp:term":[{"taxonomy":"category","embeddable":true,"href":"https:\/\/www.caririemacao.com\/1\/wp-json\/wp\/v2\/categories?post=152375"},{"taxonomy":"post_tag","embeddable":true,"href":"https:\/\/www.caririemacao.com\/1\/wp-json\/wp\/v2\/tags?post=152375"}],"curies":[{"name":"wp","href":"https:\/\/api.w.org\/{rel}","templated":true}]}}