{"id":152376,"date":"2020-02-08T13:03:12","date_gmt":"2020-02-08T16:03:12","guid":{"rendered":"http:\/\/www.caririemacao.com\/1\/?p=152376"},"modified":"2020-02-08T13:32:25","modified_gmt":"2020-02-08T16:32:25","slug":"vice-prefeito-de-consegue-bolsas-de-50-para-jovens-ourovelhences","status":"publish","type":"post","link":"https:\/\/www.caririemacao.com\/1\/2020\/02\/08\/vice-prefeito-de-consegue-bolsas-de-50-para-jovens-ourovelhences\/","title":{"rendered":"Vice-prefeito consegue bolsas de estudo para jovens ourovelhenses"},"content":{"rendered":"\n<p>O vice-prefeito de Ouro Velho, Fl\u00e1vio Henrique, partipou na manh\u00e3 deste s\u00e1bado 08, de uma entrevista no Programa Cariri em A\u00e7\u00e3o na r\u00e1dio de Ouro Velho, 87.9. <\/p>\n\n\n\n<p>Durante a entrevista, falou sobre as a\u00e7\u00f5es do munic\u00edpio que vem sendo desenvolvidas no decorrer da atual gest\u00e3o. Comentou que a receptividade tem sido bastante relevante, tanto na zona urbana, quando na zona rural. Gra\u00e7as as a\u00e7\u00f5es desenvolvidas pela prefeitura. <\/p>\n\n\n\n<p>Uma das alunas, Luciana Neves, comentou sobre a estrutura da Faculdade do Vale do Paje\u00fa (FVP), e sobre as bolsas conseguidas pela prefeitura. <\/p>\n\n\n\n<p>Ela tamb\u00e9m agradeceu a oportunidade que a prefeita Nat\u00e1lia e falou sobre as bolsas de 50% de desconto, e sobre o transporte concedido pela prefeitura para os estudantes. <\/p>\n\n\n\n<p>O vice-prefeito, Fl\u00e1vio Henrique, falou ainda que n\u00e3o foi f\u00e1cil conseguir as bolsas, mas que estava muito feliz em contribuir para o futuro dos jovens ourovelhenses. Disse ainda, que as ofertas de bolsas que foram conseguidas s\u00e3o ofertadas pela Prefeitura de Ouro Velho em parceria com a Faculdade Vale do Paje\u00fa. <\/p>\n\n\n\n<p>Ao todo s\u00e3o 30 bolsas de 50% direcionadas para estudantes da cidade de Ouro Velho, a partir do 2\u00b0 semestre de 2020. Com bolsas divididas da seguinte maneira: 6 para enfermagem, 6 pedagogia, 6 para ci\u00eancias cont\u00e1beis, 6 para Direito e 6 para admistrac\u00e3o. <\/p>\n\n\n\n<p>Por liga\u00e7\u00e3o, o vice-prefeito entrou em contato com o empres\u00e1rio da FVP,\u00a0Cleonildo Lopes, conhecido como Painha, diretor da Faculdade Vale do Paje\u00fa, onde o mesmo comentou sobre os cursos e ofertas, e atendendo ao pedido do vice, liberou mais uma bolsa para o curso de enfermagem para a cidade de Ouro velho. <\/p>\n\n\n\n<p>E disse ainda que daria 40% de desconto na inscri\u00e7\u00e3o para as duas pessoas que procurarem o vice-prefeito de Ouro Velho. Ele ainda comentou que em breve acontecer\u00e1 um grande evento com grandes nomes nacionais. Para encerrar, o vice-prefeito entregou aos futuros universit\u00e1rios os certificados das bolsas de 50% correspondentes a cada curso escolhido por eles. <\/p>\n","protected":false},"excerpt":{"rendered":"<p>O vice-prefeito de Ouro Velho, Fl\u00e1vio Henrique, partipou na manh\u00e3 deste s\u00e1bado 08, de uma entrevista no Programa Cariri em A\u00e7\u00e3o na r\u00e1dio de Ouro&hellip; <\/p>\n","protected":false},"author":2,"featured_media":152377,"comment_status":"closed","ping_status":"closed","sticky":false,"template":"","format":"standard","meta":{"sfsi_plus_gutenberg_text_before_share":"","sfsi_plus_gutenberg_show_text_before_share":"","sfsi_plus_gutenberg_icon_type":"","sfsi_plus_gutenberg_icon_alignemt":"","sfsi_plus_gutenburg_max_per_row":"","footnotes":""},"categories":[6,50,14],"tags":[],"class_list":["post-152376","post","type-post","status-publish","format-standard","has-post-thumbnail","hentry","category-cidades","category-destaque","category-educacao"],"_links":{"self":[{"href":"https:\/\/www.caririemacao.com\/1\/wp-json\/wp\/v2\/posts\/152376","targetHints":{"allow":["GET"]}}],"collection":[{"href":"https:\/\/www.caririemacao.com\/1\/wp-json\/wp\/v2\/posts"}],"about":[{"href":"https:\/\/www.caririemacao.com\/1\/wp-json\/wp\/v2\/types\/post"}],"author":[{"embeddable":true,"href":"https:\/\/www.caririemacao.com\/1\/wp-json\/wp\/v2\/users\/2"}],"replies":[{"embeddable":true,"href":"https:\/\/www.caririemacao.com\/1\/wp-json\/wp\/v2\/comments?post=152376"}],"version-history":[{"count":7,"href":"https:\/\/www.caririemacao.com\/1\/wp-json\/wp\/v2\/posts\/152376\/revisions"}],"predecessor-version":[{"id":152388,"href":"https:\/\/www.caririemacao.com\/1\/wp-json\/wp\/v2\/posts\/152376\/revisions\/152388"}],"wp:featuredmedia":[{"embeddable":true,"href":"https:\/\/www.caririemacao.com\/1\/wp-json\/wp\/v2\/media\/152377"}],"wp:attachment":[{"href":"https:\/\/www.caririemacao.com\/1\/wp-json\/wp\/v2\/media?parent=152376"}],"wp:term":[{"taxonomy":"category","embeddable":true,"href":"https:\/\/www.caririemacao.com\/1\/wp-json\/wp\/v2\/categories?post=152376"},{"taxonomy":"post_tag","embeddable":true,"href":"https:\/\/www.caririemacao.com\/1\/wp-json\/wp\/v2\/tags?post=152376"}],"curies":[{"name":"wp","href":"https:\/\/api.w.org\/{rel}","templated":true}]}}