{"id":152389,"date":"2020-02-08T14:07:13","date_gmt":"2020-02-08T17:07:13","guid":{"rendered":"http:\/\/www.caririemacao.com\/1\/?p=152389"},"modified":"2020-02-08T14:11:38","modified_gmt":"2020-02-08T17:11:38","slug":"prefeito-acompanha-etapa-seletiva-de-atleta-amparense","status":"publish","type":"post","link":"https:\/\/www.caririemacao.com\/1\/2020\/02\/08\/prefeito-acompanha-etapa-seletiva-de-atleta-amparense\/","title":{"rendered":"Prefeito acompanha etapa seletiva de atleta amparense"},"content":{"rendered":"\n<p>O prefeito In\u00e1cio N\u00f3brega esteve na manh\u00e3 deste s\u00e1bado (08), nas depend\u00eancias do Est\u00e1dio Presidente Vargas &#8211; campo da equipe do Treze Futebol Clube, juntamente com a secret\u00e1ria de Assist\u00eancia Social Cleide N\u00f3brega, acompanhando a professora Vilma En\u00e9as, respons\u00e1vel pelas oficinas de esporte praticadas no Servi\u00e7o de Conviv\u00eancia e Fortalecimento de V\u00ednculos, vinculada \u00e0 Secretaria Municipal de Assist\u00eancia Social. <\/p>\n\n\n\n<p>Na oportunidade, todos foram acompanhar de perto mais uma das etapas seletivas do clube e o desempenho do aluno\/atleta Jonathan.<\/p>\n\n\n\n<p>Ele \u00e9 amparense e foi selecionado na \u00faltima semana para segunda etapa de avalia\u00e7\u00e3o da equipe sub 15 do alvi rubro de Campina Grande.<\/p>\n","protected":false},"excerpt":{"rendered":"<p>O prefeito In\u00e1cio N\u00f3brega esteve na manh\u00e3 deste s\u00e1bado (08), nas depend\u00eancias do Est\u00e1dio Presidente Vargas &#8211; campo da equipe do Treze Futebol Clube, juntamente&hellip; <\/p>\n","protected":false},"author":2,"featured_media":152390,"comment_status":"closed","ping_status":"closed","sticky":false,"template":"","format":"standard","meta":{"sfsi_plus_gutenberg_text_before_share":"","sfsi_plus_gutenberg_show_text_before_share":"","sfsi_plus_gutenberg_icon_type":"","sfsi_plus_gutenberg_icon_alignemt":"","sfsi_plus_gutenburg_max_per_row":"","footnotes":""},"categories":[6,50,13],"tags":[],"class_list":["post-152389","post","type-post","status-publish","format-standard","has-post-thumbnail","hentry","category-cidades","category-destaque","category-esportes"],"_links":{"self":[{"href":"https:\/\/www.caririemacao.com\/1\/wp-json\/wp\/v2\/posts\/152389","targetHints":{"allow":["GET"]}}],"collection":[{"href":"https:\/\/www.caririemacao.com\/1\/wp-json\/wp\/v2\/posts"}],"about":[{"href":"https:\/\/www.caririemacao.com\/1\/wp-json\/wp\/v2\/types\/post"}],"author":[{"embeddable":true,"href":"https:\/\/www.caririemacao.com\/1\/wp-json\/wp\/v2\/users\/2"}],"replies":[{"embeddable":true,"href":"https:\/\/www.caririemacao.com\/1\/wp-json\/wp\/v2\/comments?post=152389"}],"version-history":[{"count":5,"href":"https:\/\/www.caririemacao.com\/1\/wp-json\/wp\/v2\/posts\/152389\/revisions"}],"predecessor-version":[{"id":152401,"href":"https:\/\/www.caririemacao.com\/1\/wp-json\/wp\/v2\/posts\/152389\/revisions\/152401"}],"wp:featuredmedia":[{"embeddable":true,"href":"https:\/\/www.caririemacao.com\/1\/wp-json\/wp\/v2\/media\/152390"}],"wp:attachment":[{"href":"https:\/\/www.caririemacao.com\/1\/wp-json\/wp\/v2\/media?parent=152389"}],"wp:term":[{"taxonomy":"category","embeddable":true,"href":"https:\/\/www.caririemacao.com\/1\/wp-json\/wp\/v2\/categories?post=152389"},{"taxonomy":"post_tag","embeddable":true,"href":"https:\/\/www.caririemacao.com\/1\/wp-json\/wp\/v2\/tags?post=152389"}],"curies":[{"name":"wp","href":"https:\/\/api.w.org\/{rel}","templated":true}]}}