{"id":152395,"date":"2020-02-08T14:11:35","date_gmt":"2020-02-08T17:11:35","guid":{"rendered":"http:\/\/www.caririemacao.com\/1\/?p=152395"},"modified":"2020-02-08T14:11:36","modified_gmt":"2020-02-08T17:11:36","slug":"forum-de-servidores-apresenta-quinta-proposta-de-reajuste-ao-governo","status":"publish","type":"post","link":"https:\/\/www.caririemacao.com\/1\/2020\/02\/08\/forum-de-servidores-apresenta-quinta-proposta-de-reajuste-ao-governo\/","title":{"rendered":"F\u00f3rum de Servidores apresenta quinta proposta de reajuste ao Governo"},"content":{"rendered":"\n<p>Uma quinta proposta de reajuste salarial foi apresentada pelo F\u00f3rum de Servidores a representantes do Governo do Estado durante reuni\u00e3o na noite dessa sexta-feira (7).<\/p>\n\n\n\n<p>Ao Portal MaisPB o presidente da Associa\u00e7\u00e3o de Defesa das Prerrogativas dos Delegados da Para\u00edba, Steferson Nogueira, revelou preocupa\u00e7\u00e3o com a situa\u00e7\u00e3o do estado ap\u00f3s deflagra\u00e7\u00e3o de greve branca, vig\u00edlia e opera\u00e7\u00e3o padr\u00e3o pelas pol\u00edcias.<\/p>\n\n\n\n<p>\u201cEm raz\u00e3o disso, desde quarta-feira estamos trabalhando para apresentar algo que possa impactar menos o Estado. A nova proposta representa um impacto 70% menor que o apresentado pela Secretaria da Fazenda na \u00faltima reuni\u00e3o. Estamos fazendo de tudo para que haja um entendimento entre Governo do Estado e entidades de seguran\u00e7a p\u00fablica\u201d, explicou.<\/p>\n\n\n\n<p>Segundo ele, a proposta contempla ativos, inativos e representa menos encargos patronais. \u201cFoi constru\u00edda com muita responsabilidade, com sentimento de quem quer dialogar. Cedemos tudo que pod\u00edamos para chegar a um entendimento\u201d, frisou.<\/p>\n\n\n\n<p>A reuni\u00e3o ocorreu entre o F\u00f3rum, o secret\u00e1rio de Seguran\u00e7a, delegado geral e comandantes da Pol\u00edcia Militar e Bombeiros.<\/p>\n\n\n\n<p><strong>MaisPB<\/strong><\/p>\n","protected":false},"excerpt":{"rendered":"<p>Uma quinta proposta de reajuste salarial foi apresentada pelo F\u00f3rum de Servidores a representantes do Governo do Estado durante reuni\u00e3o na noite dessa sexta-feira (7).&hellip; <\/p>\n","protected":false},"author":1,"featured_media":132901,"comment_status":"closed","ping_status":"closed","sticky":false,"template":"","format":"standard","meta":{"sfsi_plus_gutenberg_text_before_share":"","sfsi_plus_gutenberg_show_text_before_share":"","sfsi_plus_gutenberg_icon_type":"","sfsi_plus_gutenberg_icon_alignemt":"","sfsi_plus_gutenburg_max_per_row":"","footnotes":""},"categories":[2],"tags":[],"class_list":["post-152395","post","type-post","status-publish","format-standard","has-post-thumbnail","hentry","category-geral"],"_links":{"self":[{"href":"https:\/\/www.caririemacao.com\/1\/wp-json\/wp\/v2\/posts\/152395","targetHints":{"allow":["GET"]}}],"collection":[{"href":"https:\/\/www.caririemacao.com\/1\/wp-json\/wp\/v2\/posts"}],"about":[{"href":"https:\/\/www.caririemacao.com\/1\/wp-json\/wp\/v2\/types\/post"}],"author":[{"embeddable":true,"href":"https:\/\/www.caririemacao.com\/1\/wp-json\/wp\/v2\/users\/1"}],"replies":[{"embeddable":true,"href":"https:\/\/www.caririemacao.com\/1\/wp-json\/wp\/v2\/comments?post=152395"}],"version-history":[{"count":1,"href":"https:\/\/www.caririemacao.com\/1\/wp-json\/wp\/v2\/posts\/152395\/revisions"}],"predecessor-version":[{"id":152400,"href":"https:\/\/www.caririemacao.com\/1\/wp-json\/wp\/v2\/posts\/152395\/revisions\/152400"}],"wp:featuredmedia":[{"embeddable":true,"href":"https:\/\/www.caririemacao.com\/1\/wp-json\/wp\/v2\/media\/132901"}],"wp:attachment":[{"href":"https:\/\/www.caririemacao.com\/1\/wp-json\/wp\/v2\/media?parent=152395"}],"wp:term":[{"taxonomy":"category","embeddable":true,"href":"https:\/\/www.caririemacao.com\/1\/wp-json\/wp\/v2\/categories?post=152395"},{"taxonomy":"post_tag","embeddable":true,"href":"https:\/\/www.caririemacao.com\/1\/wp-json\/wp\/v2\/tags?post=152395"}],"curies":[{"name":"wp","href":"https:\/\/api.w.org\/{rel}","templated":true}]}}