{"id":152405,"date":"2020-02-08T14:12:51","date_gmt":"2020-02-08T17:12:51","guid":{"rendered":"http:\/\/www.caririemacao.com\/1\/?p=152405"},"modified":"2020-02-08T14:12:53","modified_gmt":"2020-02-08T17:12:53","slug":"numero-de-mortes-pelo-novo-coronavirus-chega-a-722-na-china","status":"publish","type":"post","link":"https:\/\/www.caririemacao.com\/1\/2020\/02\/08\/numero-de-mortes-pelo-novo-coronavirus-chega-a-722-na-china\/","title":{"rendered":"N\u00famero de mortes pelo novo coronav\u00edrus chega a 722 na China"},"content":{"rendered":"\n<p>O n\u00famero de mortes provocadas pelo surto do novo coronav\u00edrus na China aumentou hoje (8) para 722, anunciou a Comiss\u00e3o Nacional de Sa\u00fade chinesa, que registrou um aumento de novos casos superior ao que vinha sendo registrado nos \u00faltimos dias. Hoje, contam-se mais 3.399 casos, enquanto na sexta-feira (7) foram registradas 3.143 novas infe\u00e7\u00f5es, ap\u00f3s v\u00e1rios dias em que o n\u00famero de casos estava caindo.<\/p>\n\n\n\n<p>As autoridades de sa\u00fade est\u00e3o tratando 6.101 pacientes em estado grave e j\u00e1 deram alta a 2.050 pessoas que contra\u00edram a pneumonia provocada pelo novo coronav\u00edrus, detectado pela primeira vez na cidade chinesa de Wuhan, na prov\u00edncia central de Hubei.<\/p>\n\n\n\n<p>Desde o come\u00e7o do surto, j\u00e1 foram acompanhadas 345.498 pessoas por suspeita de infec\u00e7\u00e3o, 189.660 das quais continuam sob observa\u00e7\u00e3o.<\/p>\n\n\n\n<p>O m\u00e9dico chin\u00eas que deu o primeiro alerta sobre o surto do novo coronav\u00edrus morreu na quinta-feira (6), depois de ter contra\u00eddo pneumonia na semana passada, anunciou o hospital onde estava internado. O oftalmologista Li Wenliang, de 34 anos, foi &#8220;infelizmente contaminado durante o combate \u00e0 epidemia de pneumonia do novo coronav\u00edrus&#8221;, afirmou, em sua conta no Facebook, o Hospital Central de Wuhan.<\/p>\n\n\n\n<p>A primeira morte de um chin\u00eas fora do pa\u00eds pelo coronav\u00edrus ocorreu nas Filipinas.<\/p>\n\n\n\n<p>Al\u00e9m do territ\u00f3rio continental da China e das regi\u00f5es chinesas de Macau e Hong Kong, h\u00e1 outros casos de infe\u00e7\u00e3o confirmados em mais de 20 pa\u00edses. A Organiza\u00e7\u00e3o Mundial da Sa\u00fade declarou, em 30 de janeiro, situa\u00e7\u00e3o de emerg\u00eancia de sa\u00fade p\u00fablica de \u00e2mbito internacional, o que pressup\u00f5e a ado\u00e7\u00e3o de medidas de preven\u00e7\u00e3o e coordena\u00e7\u00e3o conforme escala mundial.<\/p>\n\n\n\n<p>A doen\u00e7a foi identificada como um novo tipo de coronav\u00edrus, semelhante \u00e0 pneumonia at\u00edpica, ou S\u00edndrome Respirat\u00f3ria Aguda Grave (Sars na sigla em ingl\u00eas), que entre 2002 e 2003 matou 650 pessoas na China continental e em Hong Kong.<\/p>\n\n\n\n<p>As pessoas infectadas podem transmitir a doen\u00e7a durante o per\u00edodo de incuba\u00e7\u00e3o, que varia entre um dia e duas semanas, sem que o v\u00edrus seja detectado.<\/p>\n\n\n\n<p><em>*Emissora p\u00fablica de televis\u00e3o de Portugal<\/em><\/p>\n","protected":false},"excerpt":{"rendered":"<p>O n\u00famero de mortes provocadas pelo surto do novo coronav\u00edrus na China aumentou hoje (8) para 722, anunciou a Comiss\u00e3o Nacional de Sa\u00fade chinesa, que&hellip; <\/p>\n","protected":false},"author":1,"featured_media":152406,"comment_status":"closed","ping_status":"closed","sticky":false,"template":"","format":"standard","meta":{"sfsi_plus_gutenberg_text_before_share":"","sfsi_plus_gutenberg_show_text_before_share":"","sfsi_plus_gutenberg_icon_type":"","sfsi_plus_gutenberg_icon_alignemt":"","sfsi_plus_gutenburg_max_per_row":"","footnotes":""},"categories":[2],"tags":[],"class_list":["post-152405","post","type-post","status-publish","format-standard","has-post-thumbnail","hentry","category-geral"],"_links":{"self":[{"href":"https:\/\/www.caririemacao.com\/1\/wp-json\/wp\/v2\/posts\/152405","targetHints":{"allow":["GET"]}}],"collection":[{"href":"https:\/\/www.caririemacao.com\/1\/wp-json\/wp\/v2\/posts"}],"about":[{"href":"https:\/\/www.caririemacao.com\/1\/wp-json\/wp\/v2\/types\/post"}],"author":[{"embeddable":true,"href":"https:\/\/www.caririemacao.com\/1\/wp-json\/wp\/v2\/users\/1"}],"replies":[{"embeddable":true,"href":"https:\/\/www.caririemacao.com\/1\/wp-json\/wp\/v2\/comments?post=152405"}],"version-history":[{"count":1,"href":"https:\/\/www.caririemacao.com\/1\/wp-json\/wp\/v2\/posts\/152405\/revisions"}],"predecessor-version":[{"id":152407,"href":"https:\/\/www.caririemacao.com\/1\/wp-json\/wp\/v2\/posts\/152405\/revisions\/152407"}],"wp:featuredmedia":[{"embeddable":true,"href":"https:\/\/www.caririemacao.com\/1\/wp-json\/wp\/v2\/media\/152406"}],"wp:attachment":[{"href":"https:\/\/www.caririemacao.com\/1\/wp-json\/wp\/v2\/media?parent=152405"}],"wp:term":[{"taxonomy":"category","embeddable":true,"href":"https:\/\/www.caririemacao.com\/1\/wp-json\/wp\/v2\/categories?post=152405"},{"taxonomy":"post_tag","embeddable":true,"href":"https:\/\/www.caririemacao.com\/1\/wp-json\/wp\/v2\/tags?post=152405"}],"curies":[{"name":"wp","href":"https:\/\/api.w.org\/{rel}","templated":true}]}}