{"id":152410,"date":"2020-02-08T14:14:21","date_gmt":"2020-02-08T17:14:21","guid":{"rendered":"http:\/\/www.caririemacao.com\/1\/?p=152410"},"modified":"2020-02-08T14:14:22","modified_gmt":"2020-02-08T17:14:22","slug":"domingo-e-dia-de-superlua","status":"publish","type":"post","link":"https:\/\/www.caririemacao.com\/1\/2020\/02\/08\/domingo-e-dia-de-superlua\/","title":{"rendered":"Domingo \u00e9 dia de Superlua"},"content":{"rendered":"\n<p>A Lua ser\u00e1 a grande estrela no c\u00e9u neste domingo (9). Nosso \u00fanico sat\u00e9lite natural estar\u00e1 em seu ponto mais pr\u00f3ximo da Terra e em sua fase mais luminosa: a da Lua cheia. A essa coincid\u00eancia, os astr\u00f4nomos d\u00e3o o nome de Superlua.<\/p>\n\n\n\n<p>A dist\u00e2ncia m\u00e9dia entre a Lua e a Terra \u00e9 de cerca de 384 mil quil\u00f4metros (km). No entanto, por se tratar de uma \u00f3rbita oval, essa dist\u00e2ncia pode variar de 400 mil km, quando mais distante, at\u00e9 cerca de 360 mil km, nos per\u00edodos de maior proximidade.<\/p>\n\n\n\n<p>\u201cA Superlua \u00e9 um evento decorrente da coincid\u00eancia de dois fatos astron\u00f4micos. O primeiro \u00e9 que a Lua n\u00e3o gira em torno da Terra em formato de circunfer\u00eancia, mas em uma \u00f3rbita um pouquinho achatada. Ent\u00e3o, ela tem de estar no ponto mais pr\u00f3ximo da Terra, que chamamos de perigeu e, ao mesmo tempo, na fase cheia\u201d, explica o coordenador do projeto Astro&amp;F\u00edsica do Instituto Federal de Santa Catarina e doutor em f\u00edsica pela Universidade Federal de Santa Catarina, professor Marcelo Schappo.<\/p>\n\n\n\n<p>Segundo ele, dependendo da localiza\u00e7\u00e3o do observat\u00f3rio que faz o anu\u00e1rio dos eventos astron\u00f4micos, \u00e9 poss\u00edvel haver alguma diverg\u00eancia sobre intervalo de tempo entre o perigeu e a Lua cheia. \u201cTrata-se de uma janela arbitr\u00e1ria, mas no fundo s\u00e3o luas cheias sempre muito bonitas. Vale a pena a observa\u00e7\u00e3o\u201d, ressalta o astr\u00f4nomo ao sugerir a observa\u00e7\u00e3o em todas as datas.<\/p>\n\n\n\n<p>Schappo explica que, devido a essa diverg\u00eancia, alguns observat\u00f3rios n\u00e3o consideram o 9 de fevereiro como a primeira Superlua do ano. \u00c9 o caso do Observat\u00f3rio de Lisboa (Portugal), que devido \u00e0 localiza\u00e7\u00e3o, considera a lua do dia 9 de mar\u00e7o como a primeira Superlua do ano.<\/p>\n\n\n\n<p>\u201cPara outros observat\u00f3rios, a Superlua ocorrer\u00e1 [em algum momento] entre os dias 7 e 8 de abril, dependendo do hor\u00e1rio da observa\u00e7\u00e3o. H\u00e1 ainda os que apontam o 7 de maio\u201d, acrescentou.<\/p>\n\n\n\n<p>J\u00e1 o observat\u00f3rio do Valongo, da Universidade Federal do Rio de Janeiro (UFRJ), considera Superluas apenas as que ocorrer\u00e3o nos dias 9 de mar\u00e7o e 7 de maio.<\/p>\n","protected":false},"excerpt":{"rendered":"<p>A Lua ser\u00e1 a grande estrela no c\u00e9u neste domingo (9). Nosso \u00fanico sat\u00e9lite natural estar\u00e1 em seu ponto mais pr\u00f3ximo da Terra e em&hellip; <\/p>\n","protected":false},"author":1,"featured_media":152412,"comment_status":"closed","ping_status":"closed","sticky":false,"template":"","format":"standard","meta":{"sfsi_plus_gutenberg_text_before_share":"","sfsi_plus_gutenberg_show_text_before_share":"","sfsi_plus_gutenberg_icon_type":"","sfsi_plus_gutenberg_icon_alignemt":"","sfsi_plus_gutenburg_max_per_row":"","footnotes":""},"categories":[6,50],"tags":[],"class_list":["post-152410","post","type-post","status-publish","format-standard","has-post-thumbnail","hentry","category-cidades","category-destaque"],"_links":{"self":[{"href":"https:\/\/www.caririemacao.com\/1\/wp-json\/wp\/v2\/posts\/152410","targetHints":{"allow":["GET"]}}],"collection":[{"href":"https:\/\/www.caririemacao.com\/1\/wp-json\/wp\/v2\/posts"}],"about":[{"href":"https:\/\/www.caririemacao.com\/1\/wp-json\/wp\/v2\/types\/post"}],"author":[{"embeddable":true,"href":"https:\/\/www.caririemacao.com\/1\/wp-json\/wp\/v2\/users\/1"}],"replies":[{"embeddable":true,"href":"https:\/\/www.caririemacao.com\/1\/wp-json\/wp\/v2\/comments?post=152410"}],"version-history":[{"count":1,"href":"https:\/\/www.caririemacao.com\/1\/wp-json\/wp\/v2\/posts\/152410\/revisions"}],"predecessor-version":[{"id":152413,"href":"https:\/\/www.caririemacao.com\/1\/wp-json\/wp\/v2\/posts\/152410\/revisions\/152413"}],"wp:featuredmedia":[{"embeddable":true,"href":"https:\/\/www.caririemacao.com\/1\/wp-json\/wp\/v2\/media\/152412"}],"wp:attachment":[{"href":"https:\/\/www.caririemacao.com\/1\/wp-json\/wp\/v2\/media?parent=152410"}],"wp:term":[{"taxonomy":"category","embeddable":true,"href":"https:\/\/www.caririemacao.com\/1\/wp-json\/wp\/v2\/categories?post=152410"},{"taxonomy":"post_tag","embeddable":true,"href":"https:\/\/www.caririemacao.com\/1\/wp-json\/wp\/v2\/tags?post=152410"}],"curies":[{"name":"wp","href":"https:\/\/api.w.org\/{rel}","templated":true}]}}