{"id":152416,"date":"2020-02-08T14:19:13","date_gmt":"2020-02-08T17:19:13","guid":{"rendered":"http:\/\/www.caririemacao.com\/1\/?p=152416"},"modified":"2020-02-08T14:19:15","modified_gmt":"2020-02-08T17:19:15","slug":"lista-de-espera-do-sisu-sera-divulgada-segunda-feira","status":"publish","type":"post","link":"https:\/\/www.caririemacao.com\/1\/2020\/02\/08\/lista-de-espera-do-sisu-sera-divulgada-segunda-feira\/","title":{"rendered":"Lista de espera do Sisu ser\u00e1 divulgada segunda-feira"},"content":{"rendered":"\n<p>A lista de espera do Sistema de Sele\u00e7\u00e3o Unificada (Sisu) 2020 para a convoca\u00e7\u00e3o dos aprovados pelas institui\u00e7\u00f5es de ensino sair\u00e1 na pr\u00f3xima segunda-feira (10). A divulga\u00e7\u00e3o estava prevista para ontem (7). O prazo final de convoca\u00e7\u00e3o e realiza\u00e7\u00e3o da matr\u00edcula segue cronograma pr\u00f3prio de cada institui\u00e7\u00e3o.<\/p>\n\n\n\n<p>A lista poder\u00e1 ser consultada no&nbsp;<a href=\"https:\/\/sisu.mec.gov.br\/\" target=\"_blank\" rel=\"noreferrer noopener\"><em>site<\/em>&nbsp;do Sisu .<\/a><\/p>\n\n\n\n<p>A ades\u00e3o \u00e0 lista de espera do Sisu come\u00e7ou em 29 de janeiro e ficou aberta at\u00e9 4 de fevereiro. Os candidatos que se inscreveram no sistema de sele\u00e7\u00e3o, mas que n\u00e3o foram selecionados em nenhuma das op\u00e7\u00f5es de curso, tiveram a chance de participar da lista de espera.<\/p>\n\n\n\n<p>Sisu&nbsp;<\/p>\n\n\n\n<p>O Sisu \u00e9 uma das formas de ingresso \u00e0 educa\u00e7\u00e3o superior com a nota do Enem.&nbsp;Por meio dele,&nbsp;as&nbsp;institui\u00e7\u00f5es p\u00fablicas de ensino superior oferecem vagas a participantes do exame. Quem n\u00e3o conseguir uma vaga pelo Sisu, pode tentar&nbsp;pelos vestibulares tradicionais.<\/p>\n\n\n\n<p><em>*Com informa\u00e7\u00f5es do site do Sisu<\/em><\/p>\n","protected":false},"excerpt":{"rendered":"<p>A lista de espera do Sistema de Sele\u00e7\u00e3o Unificada (Sisu) 2020 para a convoca\u00e7\u00e3o dos aprovados pelas institui\u00e7\u00f5es de ensino sair\u00e1 na pr\u00f3xima segunda-feira (10).&hellip; <\/p>\n","protected":false},"author":1,"featured_media":152417,"comment_status":"closed","ping_status":"closed","sticky":false,"template":"","format":"standard","meta":{"sfsi_plus_gutenberg_text_before_share":"","sfsi_plus_gutenberg_show_text_before_share":"","sfsi_plus_gutenberg_icon_type":"","sfsi_plus_gutenberg_icon_alignemt":"","sfsi_plus_gutenburg_max_per_row":"","footnotes":""},"categories":[14],"tags":[],"class_list":["post-152416","post","type-post","status-publish","format-standard","has-post-thumbnail","hentry","category-educacao"],"_links":{"self":[{"href":"https:\/\/www.caririemacao.com\/1\/wp-json\/wp\/v2\/posts\/152416","targetHints":{"allow":["GET"]}}],"collection":[{"href":"https:\/\/www.caririemacao.com\/1\/wp-json\/wp\/v2\/posts"}],"about":[{"href":"https:\/\/www.caririemacao.com\/1\/wp-json\/wp\/v2\/types\/post"}],"author":[{"embeddable":true,"href":"https:\/\/www.caririemacao.com\/1\/wp-json\/wp\/v2\/users\/1"}],"replies":[{"embeddable":true,"href":"https:\/\/www.caririemacao.com\/1\/wp-json\/wp\/v2\/comments?post=152416"}],"version-history":[{"count":1,"href":"https:\/\/www.caririemacao.com\/1\/wp-json\/wp\/v2\/posts\/152416\/revisions"}],"predecessor-version":[{"id":152418,"href":"https:\/\/www.caririemacao.com\/1\/wp-json\/wp\/v2\/posts\/152416\/revisions\/152418"}],"wp:featuredmedia":[{"embeddable":true,"href":"https:\/\/www.caririemacao.com\/1\/wp-json\/wp\/v2\/media\/152417"}],"wp:attachment":[{"href":"https:\/\/www.caririemacao.com\/1\/wp-json\/wp\/v2\/media?parent=152416"}],"wp:term":[{"taxonomy":"category","embeddable":true,"href":"https:\/\/www.caririemacao.com\/1\/wp-json\/wp\/v2\/categories?post=152416"},{"taxonomy":"post_tag","embeddable":true,"href":"https:\/\/www.caririemacao.com\/1\/wp-json\/wp\/v2\/tags?post=152416"}],"curies":[{"name":"wp","href":"https:\/\/api.w.org\/{rel}","templated":true}]}}