{"id":152429,"date":"2020-02-08T14:53:20","date_gmt":"2020-02-08T17:53:20","guid":{"rendered":"http:\/\/www.caririemacao.com\/1\/?p=152429"},"modified":"2020-02-08T14:53:21","modified_gmt":"2020-02-08T17:53:21","slug":"prefeitura-de-amparo-lanca-programa-de-aracao-de-terras-2020","status":"publish","type":"post","link":"https:\/\/www.caririemacao.com\/1\/2020\/02\/08\/prefeitura-de-amparo-lanca-programa-de-aracao-de-terras-2020\/","title":{"rendered":"Prefeitura de Amparo lan\u00e7a Programa de Ara\u00e7\u00e3o de Terras 2020"},"content":{"rendered":"\n<p>A prefeitura Municipal de Amparo lan\u00e7ou neste s\u00e1bado (08), o Programa Municipal de Ara\u00e7\u00e3o de Terras 2020. Um programa radiof\u00f4nico de car\u00e1ter institucional da prefeitura, que ser\u00e1  transmitido \u00e0s sextas-feiras, das 12:00 \u00e0s 13:00. <\/p>\n\n\n\n<p>De acordo com secret\u00e1rio municipal de agricultura, Paulo Henrique Soares, o programa ser\u00e1 oficialmente conhecido como, PMAT &#8211; Programa Municipal de Ara\u00e7\u00e3o de Terras 2020. Sendo assim, foi divulgado juntamente com o programa PMAT, O cronograma de ara\u00e7\u00e3o de terras feito por sorteio para atender as comunidades rurais. <\/p>\n\n\n\n<p>Ao todo 18 comunidades ser\u00e3o atendidas com o programa. Segundo o secret\u00e1rio Paulo Henrique, o objetivo \u00e9 bater a meta do ano passado onde cerca de 800 horas contemplaram cerca de 90% das comunidades rurais. <\/p>\n\n\n\n<p>O prefeito In\u00e1cio N\u00f3brega j\u00e1 autorizou a reforma de mais um trator que ser\u00e1 entregue \u00e0 secretaria para atender a demanda existente. &#8220;Entregamos dois tratores totalmente reformados com todos os equipamentos e o terceiro entregaremos a tempo para que nossos produtores possam efetivar o seu plantio em tempo h\u00e1bil&#8221; &#8211; afirmou o prefeito In\u00e1cio N\u00f3brega. <\/p>\n\n\n\n<p>&#8220;Esse ano, nossa meta \u00e9 perfazer 900 horas de gradea\u00e7\u00e3o o que nos garante atendimento a 100% da nossa comunidade rural, para tanto na antecipamos o programa, que seria iniciado no pr\u00f3ximo dia 10\/02 mas, atendendo solicita\u00e7\u00e3o do prefeito In\u00e1cio N\u00f3brega, j\u00e1 iniciamos neste dia 08\/02&#8243;afirmou o secret\u00e1rio Paulo Henrique.<br><\/p>\n","protected":false},"excerpt":{"rendered":"<p>A prefeitura Municipal de Amparo lan\u00e7ou neste s\u00e1bado (08), o Programa Municipal de Ara\u00e7\u00e3o de Terras 2020. Um programa radiof\u00f4nico de car\u00e1ter institucional da prefeitura,&hellip; <\/p>\n","protected":false},"author":2,"featured_media":152430,"comment_status":"closed","ping_status":"closed","sticky":false,"template":"","format":"standard","meta":{"sfsi_plus_gutenberg_text_before_share":"","sfsi_plus_gutenberg_show_text_before_share":"","sfsi_plus_gutenberg_icon_type":"","sfsi_plus_gutenberg_icon_alignemt":"","sfsi_plus_gutenburg_max_per_row":"","footnotes":""},"categories":[6,50],"tags":[],"class_list":["post-152429","post","type-post","status-publish","format-standard","has-post-thumbnail","hentry","category-cidades","category-destaque"],"_links":{"self":[{"href":"https:\/\/www.caririemacao.com\/1\/wp-json\/wp\/v2\/posts\/152429","targetHints":{"allow":["GET"]}}],"collection":[{"href":"https:\/\/www.caririemacao.com\/1\/wp-json\/wp\/v2\/posts"}],"about":[{"href":"https:\/\/www.caririemacao.com\/1\/wp-json\/wp\/v2\/types\/post"}],"author":[{"embeddable":true,"href":"https:\/\/www.caririemacao.com\/1\/wp-json\/wp\/v2\/users\/2"}],"replies":[{"embeddable":true,"href":"https:\/\/www.caririemacao.com\/1\/wp-json\/wp\/v2\/comments?post=152429"}],"version-history":[{"count":1,"href":"https:\/\/www.caririemacao.com\/1\/wp-json\/wp\/v2\/posts\/152429\/revisions"}],"predecessor-version":[{"id":152431,"href":"https:\/\/www.caririemacao.com\/1\/wp-json\/wp\/v2\/posts\/152429\/revisions\/152431"}],"wp:featuredmedia":[{"embeddable":true,"href":"https:\/\/www.caririemacao.com\/1\/wp-json\/wp\/v2\/media\/152430"}],"wp:attachment":[{"href":"https:\/\/www.caririemacao.com\/1\/wp-json\/wp\/v2\/media?parent=152429"}],"wp:term":[{"taxonomy":"category","embeddable":true,"href":"https:\/\/www.caririemacao.com\/1\/wp-json\/wp\/v2\/categories?post=152429"},{"taxonomy":"post_tag","embeddable":true,"href":"https:\/\/www.caririemacao.com\/1\/wp-json\/wp\/v2\/tags?post=152429"}],"curies":[{"name":"wp","href":"https:\/\/api.w.org\/{rel}","templated":true}]}}