{"id":152435,"date":"2020-02-09T10:18:22","date_gmt":"2020-02-09T13:18:22","guid":{"rendered":"http:\/\/www.caririemacao.com\/1\/?p=152435"},"modified":"2020-02-09T10:18:24","modified_gmt":"2020-02-09T13:18:24","slug":"presidente-bolsonaro-reclama-da-imprensa-e-da-banana-para-jornalistas","status":"publish","type":"post","link":"https:\/\/www.caririemacao.com\/1\/2020\/02\/09\/presidente-bolsonaro-reclama-da-imprensa-e-da-banana-para-jornalistas\/","title":{"rendered":"Presidente Bolsonaro reclama da imprensa e \u00b4d\u00e1 banana\u00b4 para jornalistas"},"content":{"rendered":"\n<p>&nbsp;O presidente Jair Bolsonaro voltou a criticar a imprensa, incluindo a Folha de S.Paulo, neste s\u00e1bado (8) e, na porta do Pal\u00e1cio da Alvorada, cruzou os bra\u00e7os com as m\u00e3os fechadas, dando uma banana para os jornalistas.<\/p>\n\n\n\n<p>Bolsonaro deixou a resid\u00eancia oficial no fim da tarde com destino a um evento evang\u00e9lico no est\u00e1dio Man\u00e9 Garrincha, \u00e1rea central de Bras\u00edlia. Na sa\u00edda de casa, parou para falar com apoiadores que enfrentaram a chuva para esper\u00e1-lo. Ao se aproximar dos jornalistas, afirmou que n\u00e3o responderia a perguntas e come\u00e7ou a criticar a imprensa.<\/p>\n\n\n\n<p>O presidente reclamou das reportagens publicadas na quarta-feira (5), quando ele, ao defender&nbsp;o programa de preven\u00e7\u00e3o \u00e0 gravidez na adolesc\u00eancia da ministra Damares Alves (Mulher, Fam\u00edlia e Direitos Humanos), afirmou que uma pessoa com HIV \u2013v\u00edrus da Aids\u2013 representa \u201cuma despesa para todos no Brasil\u201d.<\/p>\n\n\n\n<p>Ele se referiu \u00e0s pessoas com o v\u00edrus como aid\u00e9ticas e disse ter pena delas.<\/p>\n\n\n\n<p>\u201cEu falei: o que que faltou? Faltou uma m\u00e3e, uma av\u00f3 que pudesse dar orienta\u00e7\u00e3o para n\u00e3o come\u00e7ar a fazer sexo t\u00e3o cedo. Qualquer pessoa com HIV \u00e9 uma pessoa que, al\u00e9m do problema de sa\u00fade grav\u00edssimo, que temos pena, \u00e9 custoso para todo mundo. Voc\u00eas focaram que o aid\u00e9tico \u00e9 oneroso no Brasil. Estou levando porrada de tudo quanto \u00e9 grupo de pessoas que t\u00eam este problema lamentavelmente\u201d, disse.<\/p>\n\n\n\n<p>Segundo Bolsonaro, \u201ceste n\u00e3o \u00e9 o papel da imprensa\u201d. \u201cVoc\u00eas n\u00e3o podem continuar agindo assim, destruindo reputa\u00e7\u00f5es. V\u00ea se vai ter alguma retifica\u00e7\u00e3o de voc\u00eas no jornal amanh\u00e3? N\u00e3o vai deixar porque o editor n\u00e3o vai deixar ir para frente. Eu quero conversar, quero ser amigo de voc\u00eas, mas n\u00e3o d\u00e1\u201d, protestou.<\/p>\n\n\n\n<p>O presidente da Rep\u00fablica perguntou se a imprensa queria a volta \u201cdaqueles que nos governavam no passado que faziam aquela governabilidade que voc\u00eas sabem como, mergulhando o pa\u00eds em corrup\u00e7\u00e3o, em desesperan\u00e7a para o povo\u201d.<\/p>\n\n\n\n<p>Depois de desafiar governadores a reduzir o ICMS (imposto estadual) para baixar os valores dos combust\u00edveis, Bolsonaro tamb\u00e9m reclamou desta cobertura, dizendo que n\u00e3o ouviu \u201cuma mat\u00e9ria legal, decente\u201d.<\/p>\n\n\n\n<p>\u201c\u00c9 s\u00f3 fofoca, \u00e9 s\u00f3 intriga. Fica ruim conversar com voc\u00eas. Sei que muitos de voc\u00eas n\u00e3o t\u00eam culpa porque passa pela m\u00e3o do editor, que est\u00e1 rindo\u201d, afirmou.<\/p>\n\n\n\n<p>Na parte final de seu pronunciamento, direcionou suas reclama\u00e7\u00f5es \u00e0&nbsp;Folha. Ele criticou a publica\u00e7\u00e3o, no s\u00e1bado (8), do artigo \u201cF\u00e1bio Lula da Silva e o peso de um sobrenome\u201d, de Marco Aur\u00e9lio de Carvalho, advogado que atua na defesa do filho do ex-presidente Lula.<\/p>\n\n\n\n<p>\u201cPara encerrar,&nbsp;Folha de S.Paulo&nbsp;de hoje. Inacredit\u00e1vel. Defendendo o filho do Lula. Est\u00e1 sendo perseguido porque \u00e9 filho do Lula. Agora, esculhambaram com a av\u00f3 da minha esposa, com a m\u00e3e da minha esposa, esculhambam meus filhos\u201d, afirmou.<\/p>\n\n\n\n<p>Nos \u00faltimos dias, uma s\u00e9rie de reportagens da&nbsp;Folha&nbsp;revelou detalhes do material apreendido pela Pol\u00edcia Federal durante a fase Mapa da Mina da Lava Jato, deflagrada em dezembro e que apura se dinheiro repassado pela Oi a s\u00f3cios do filho de Lula foi usado para a compra do s\u00edtio de Atibaia (SP).<\/p>\n\n\n\n<p>Antes de entrar no carro, Bolsonaro fez o gesto de banana para os jornalistas. \u201cVou dar uma banana para voc\u00eas, t\u00e1 ok?\u201d, disse Bolsonaro, seguindo para o est\u00e1dio sob a escolta de batedores.<\/p>\n\n\n\n<p>No evento evang\u00e9lico no est\u00e1dio Man\u00e9 Garrincha, o presidente subiu ao palco sob o Hino Nacional cantado pelo p\u00fablico, que o aplaudiu. Aos fi\u00e9is, Bolsonaro disse estar entre amigos e que, sob seu governo, o Brasil havia mudado.<br>\u201cPalavras antes proibidas come\u00e7aram a se tornar comuns: Deus, fam\u00edlia, p\u00e1tria\u201d, afirmou, acrescentando \u00e0 plateia que ela havia sido o \u201cponto de inflex\u00e3o\u201d nas elei\u00e7\u00f5es.<\/p>\n\n\n\n<p>O presidente disse ainda que \u201co Estado pode ser laico, mas Jair Bolsonaro \u00e9 crist\u00e3o\u201d.<\/p>\n\n\n\n<p>\u201cNingu\u00e9m esperava uma pessoa da minha origem, da minha atividade pol\u00edtica conseguir vencer o verdadeiro mecanismo,&nbsp;mais conhecido como establishment. Chegamos l\u00e1, mas n\u00e3o basta. Pe\u00e7o mais que sabedoria a Deus todos os dias. Pe\u00e7o coragem para bem decidir o futuro do nosso Brasil\u201d, afirmou no discurso.<\/p>\n","protected":false},"excerpt":{"rendered":"<p>&nbsp;O presidente Jair Bolsonaro voltou a criticar a imprensa, incluindo a Folha de S.Paulo, neste s\u00e1bado (8) e, na porta do Pal\u00e1cio da Alvorada, cruzou&hellip; <\/p>\n","protected":false},"author":1,"featured_media":151765,"comment_status":"closed","ping_status":"closed","sticky":false,"template":"","format":"standard","meta":{"sfsi_plus_gutenberg_text_before_share":"","sfsi_plus_gutenberg_show_text_before_share":"","sfsi_plus_gutenberg_icon_type":"","sfsi_plus_gutenberg_icon_alignemt":"","sfsi_plus_gutenburg_max_per_row":"","footnotes":""},"categories":[11],"tags":[],"class_list":["post-152435","post","type-post","status-publish","format-standard","has-post-thumbnail","hentry","category-politica"],"_links":{"self":[{"href":"https:\/\/www.caririemacao.com\/1\/wp-json\/wp\/v2\/posts\/152435","targetHints":{"allow":["GET"]}}],"collection":[{"href":"https:\/\/www.caririemacao.com\/1\/wp-json\/wp\/v2\/posts"}],"about":[{"href":"https:\/\/www.caririemacao.com\/1\/wp-json\/wp\/v2\/types\/post"}],"author":[{"embeddable":true,"href":"https:\/\/www.caririemacao.com\/1\/wp-json\/wp\/v2\/users\/1"}],"replies":[{"embeddable":true,"href":"https:\/\/www.caririemacao.com\/1\/wp-json\/wp\/v2\/comments?post=152435"}],"version-history":[{"count":1,"href":"https:\/\/www.caririemacao.com\/1\/wp-json\/wp\/v2\/posts\/152435\/revisions"}],"predecessor-version":[{"id":152436,"href":"https:\/\/www.caririemacao.com\/1\/wp-json\/wp\/v2\/posts\/152435\/revisions\/152436"}],"wp:featuredmedia":[{"embeddable":true,"href":"https:\/\/www.caririemacao.com\/1\/wp-json\/wp\/v2\/media\/151765"}],"wp:attachment":[{"href":"https:\/\/www.caririemacao.com\/1\/wp-json\/wp\/v2\/media?parent=152435"}],"wp:term":[{"taxonomy":"category","embeddable":true,"href":"https:\/\/www.caririemacao.com\/1\/wp-json\/wp\/v2\/categories?post=152435"},{"taxonomy":"post_tag","embeddable":true,"href":"https:\/\/www.caririemacao.com\/1\/wp-json\/wp\/v2\/tags?post=152435"}],"curies":[{"name":"wp","href":"https:\/\/api.w.org\/{rel}","templated":true}]}}