{"id":152438,"date":"2020-02-09T10:20:09","date_gmt":"2020-02-09T13:20:09","guid":{"rendered":"http:\/\/www.caririemacao.com\/1\/?p=152438"},"modified":"2020-02-09T10:20:11","modified_gmt":"2020-02-09T13:20:11","slug":"treze-busca-recuperacao-no-pv-contra-o-motivado-nacional-de-patos","status":"publish","type":"post","link":"https:\/\/www.caririemacao.com\/1\/2020\/02\/09\/treze-busca-recuperacao-no-pv-contra-o-motivado-nacional-de-patos\/","title":{"rendered":"Treze busca recupera\u00e7\u00e3o no PV contra o motivado Nacional de Patos"},"content":{"rendered":"\n<p>Derrotado na rodada passada, o Treze recebe a visita do Nacional de Patos neste domingo. E para buscar a recupera\u00e7\u00e3o, o time conta com o apoio da torcida na partida que ser\u00e1 realizada, \u00e0s 16h, no Est\u00e1dio Presidente Vargas, pela quarta rodada do Campeonato Paraibano.<\/p>\n\n\n\n<p>Vindo de rev\u00e9s para o Sousa, quando perdeu os 100% de aproveitamento, o Galo espera faturar os tr\u00eas pontos para voltar ao topo da tabela do Grupo A, que tem o Atl\u00e9tico-PB na lideran\u00e7a, com sete pontos.<\/p>\n\n\n\n<p>Para o confronto contra o Can\u00e1rio, o t\u00e9cnico Celso Teixeira deve fazer mudan\u00e7as no time. Isso porque, o comandante testou o time com tr\u00eas atacantes. Portanto, J\u00fanior Fialho deve come\u00e7ar a partida. Ded\u00e9 volta a estar \u00e0 disposi\u00e7\u00e3o ap\u00f3s um per\u00edodo no departamento m\u00e9dico. Quem ainda permanece fora \u00e9 o meio-campista Alexandre Santana, que est\u00e1 com uma les\u00e3o no ombro.<\/p>\n\n\n\n<p>No Nacional de Patos, o time chega motivado para a partida. A vit\u00f3ria por 2 a 0 sobre o Sport Lagoa Seca oxigenou o time do treinador S\u00e9rgio China, que ganhou quatro refor\u00e7os ao longo da semana: O goleiro Danilo e os atacantes Daniel, Yuri e Manu.<\/p>\n\n\n\n<p>Para o duelo, S\u00e9rgio China n\u00e3o conta com Patrick, lesionado e Wander , expulso na partida anterior.<\/p>\n\n\n\n<p><strong>Prov\u00e1veis times<\/strong><\/p>\n\n\n\n<p>Treze: Jeferson, Gustavo, Breno Calixto, Nilson J\u00fanior e Gilmar; Robson, Vinicius Barba e Almir; J\u00fanior Fialho, Caxito e Rafael Oliveira. T\u00e9cnico \u2013 Celso Teixeira<\/p>\n\n\n\n<p>Nacional: Diego Almeida, Glaubinho, Yuri Silva, Airton, Alan; Sidney, Leomir, Ciel e Carioca; Du e Junior Mandacaru. T\u00e9cnico- S\u00e9rgio China<\/p>\n\n\n\n<p>Arbitragem<br>Afro Rocha apita a partida, com aux\u00edlios laterais de Schumacher Marques e Herioberto Henrique. Josemarques Domingos \u00e9 o quarto \u00e1rbitro.<\/p>\n","protected":false},"excerpt":{"rendered":"<p>Derrotado na rodada passada, o Treze recebe a visita do Nacional de Patos neste domingo. E para buscar a recupera\u00e7\u00e3o, o time conta com o&hellip; <\/p>\n","protected":false},"author":1,"featured_media":152439,"comment_status":"closed","ping_status":"closed","sticky":false,"template":"","format":"standard","meta":{"sfsi_plus_gutenberg_text_before_share":"","sfsi_plus_gutenberg_show_text_before_share":"","sfsi_plus_gutenberg_icon_type":"","sfsi_plus_gutenberg_icon_alignemt":"","sfsi_plus_gutenburg_max_per_row":"","footnotes":""},"categories":[13],"tags":[],"class_list":["post-152438","post","type-post","status-publish","format-standard","has-post-thumbnail","hentry","category-esportes"],"_links":{"self":[{"href":"https:\/\/www.caririemacao.com\/1\/wp-json\/wp\/v2\/posts\/152438","targetHints":{"allow":["GET"]}}],"collection":[{"href":"https:\/\/www.caririemacao.com\/1\/wp-json\/wp\/v2\/posts"}],"about":[{"href":"https:\/\/www.caririemacao.com\/1\/wp-json\/wp\/v2\/types\/post"}],"author":[{"embeddable":true,"href":"https:\/\/www.caririemacao.com\/1\/wp-json\/wp\/v2\/users\/1"}],"replies":[{"embeddable":true,"href":"https:\/\/www.caririemacao.com\/1\/wp-json\/wp\/v2\/comments?post=152438"}],"version-history":[{"count":1,"href":"https:\/\/www.caririemacao.com\/1\/wp-json\/wp\/v2\/posts\/152438\/revisions"}],"predecessor-version":[{"id":152440,"href":"https:\/\/www.caririemacao.com\/1\/wp-json\/wp\/v2\/posts\/152438\/revisions\/152440"}],"wp:featuredmedia":[{"embeddable":true,"href":"https:\/\/www.caririemacao.com\/1\/wp-json\/wp\/v2\/media\/152439"}],"wp:attachment":[{"href":"https:\/\/www.caririemacao.com\/1\/wp-json\/wp\/v2\/media?parent=152438"}],"wp:term":[{"taxonomy":"category","embeddable":true,"href":"https:\/\/www.caririemacao.com\/1\/wp-json\/wp\/v2\/categories?post=152438"},{"taxonomy":"post_tag","embeddable":true,"href":"https:\/\/www.caririemacao.com\/1\/wp-json\/wp\/v2\/tags?post=152438"}],"curies":[{"name":"wp","href":"https:\/\/api.w.org\/{rel}","templated":true}]}}