{"id":152448,"date":"2020-02-09T10:26:53","date_gmt":"2020-02-09T13:26:53","guid":{"rendered":"http:\/\/www.caririemacao.com\/1\/?p=152448"},"modified":"2020-02-09T10:26:55","modified_gmt":"2020-02-09T13:26:55","slug":"pesquisa-identifica-estimulo-cerebral-em-criancas-com-microcefalia","status":"publish","type":"post","link":"https:\/\/www.caririemacao.com\/1\/2020\/02\/09\/pesquisa-identifica-estimulo-cerebral-em-criancas-com-microcefalia\/","title":{"rendered":"Pesquisa identifica est\u00edmulo cerebral em crian\u00e7as com microcefalia"},"content":{"rendered":"\n<p>A Para\u00edba \u00e9 pioneira na realiza\u00e7\u00e3o da Espectroscopia Funcional por Infravermelho Pr\u00f3ximo em crian\u00e7as com microcefalia.<\/p>\n\n\n\n<p>Respons\u00e1vel por identificar a melhor \u00e1rea do c\u00e9rebro a ser estimulada, o exame faz parte do Projeto Infec\u00e7\u00e3o Cong\u00eanita pelo Zika, pesquisa realizada por meio de uma parceria entre a Secretaria de Estado da Sa\u00fade (SES), com a Rede Cuidar, o Departamento de Fisioterapia do Centro de Ci\u00eancias da Sa\u00fade, o Departamento de Promo\u00e7\u00e3o da Sa\u00fade do Centro de Ci\u00eancias M\u00e9dicas e o Departamento de Biotecnologia do Centro de Biotecnologia da Universidade Federal da Para\u00edba (UFPB).<\/p>\n\n\n\n<p>A coleta foi realizada entre os dias 04 e 06 de fevereiro no Laborat\u00f3rio de Estudos em Envelhecimento e Neuroci\u00eancia (Laben) da UFPB.<\/p>\n\n\n\n<p>O exame \u00e9 usado para investigar os n\u00edveis de oxigena\u00e7\u00e3o da regi\u00e3o mais perif\u00e9rica dos tecidos cerebrais das crian\u00e7as. Uma das pesquisadoras do projeto, Elidianne Ara\u00fajo, pontua que a Espectroscopia Funcional por Infravermelho Pr\u00f3ximo n\u00e3o \u00e9 um exame invasivo e por isso n\u00e3o \u00e9 necess\u00e1rio que a crian\u00e7a seja sedada para realizar a coleta.<\/p>\n\n\n\n<p>\u201cEsse \u00e9 um exame por imagem. A crian\u00e7a veste uma touca que possui v\u00e1rios eletrodos. Sentada no colo da m\u00e3e, ela vai receber v\u00e1rios est\u00edmulos e o aparelho vai coletar informa\u00e7\u00f5es do c\u00e9rebro que s\u00e3o enviadas, em tempo real, para o software instalado no computador do pesquisador\u201d, explica.<\/p>\n\n\n\n<p>O c\u00e9rebro \u00e9 dividido em v\u00e1rias regi\u00f5es que s\u00e3o respons\u00e1veis pela cogni\u00e7\u00e3o, motricidade, linguagem e aten\u00e7\u00e3o, por exemplo. Identificando os n\u00edveis de oxigena\u00e7\u00e3o, de hemoglobina e desoxihemoglobina no c\u00e9rebro da crian\u00e7a examinada, \u00e9 poss\u00edvel saber quais s\u00e3o as \u00e1reas que, porventura, podem apresentar algum dist\u00farbio neurol\u00f3gico.<\/p>\n\n\n\n<figure class=\"wp-block-image\"><img decoding=\"async\" data-src=\"https:\/\/paraibaonline.com.br\/wp-content\/uploads\/2020\/02\/MICROCEFALIA-556x417.jpeg\" alt=\"Foto: Ascom \" class=\"wp-image-836059 lazyload\" src=\"data:image\/svg+xml;base64,PHN2ZyB3aWR0aD0iMSIgaGVpZ2h0PSIxIiB4bWxucz0iaHR0cDovL3d3dy53My5vcmcvMjAwMC9zdmciPjwvc3ZnPg==\" style=\"--smush-placeholder-width: 556px; --smush-placeholder-aspect-ratio: 556\/417;\" \/><\/figure>\n\n\n\n<p>Foto: Ascom<\/p>\n\n\n\n<p>A coordenadora da Rede Cuidar, Juliana Soares, destaca que esse exame \u00e9 in\u00e9dito no mundo. Ela afirma que nunca foi realizado esse tipo de coleta ou n\u00e3o existe esse tipo de par\u00e2metro de oxigena\u00e7\u00e3o nas crian\u00e7as com microcefalia.<\/p>\n\n\n\n<p>\u201cDe fato, n\u00f3s s\u00f3 vamos descobrir o que ele representa ap\u00f3s realizar o exame e fazer a leitura e interpreta\u00e7\u00e3o dele, porque esse \u00e9 o primeiro dado que a gente vai ter em rela\u00e7\u00e3o a essas crian\u00e7as\u201d, observa.<\/p>\n\n\n\n<p>Para obter resultados mais precisos, os pesquisadores tamb\u00e9m realizaram a Espectroscopia Funcional por Infravermelho Pr\u00f3ximo em crian\u00e7as saud\u00e1veis sem microcefalia e sem afec\u00e7\u00f5es neurol\u00f3gicas.<\/p>\n\n\n\n<p>A ideia \u00e9 fazer um comparativo entre os dois grupos. O exame, na Para\u00edba, foi realizado em parceria com a Universidade Federal do ABC, S\u00e3o Paulo, por meios dos pesquisadores Jo\u00e3o Sato e Claudienei Biazoli.<\/p>\n\n\n\n<p>A dona de casa Raissa Castro \u00e9 uma das m\u00e3es de crian\u00e7a com microcefalia que participa do projeto desde o in\u00edcio. Para ela, esse exame \u00e9 uma esperan\u00e7a de compreender as possibilidades de desenvolvimento de seu filho Kennedy, de apenas 4 anos.<\/p>\n\n\n\n<p>\u201cO resultado desse exame vai trazer melhoria pra gente. Ele vai trazer um entendimento mais profundo de como o c\u00e9rebro do meu filho trabalha e isso vai me ajudar a cuidar melhor dele\u201d, completa.<\/p>\n\n\n\n<p>O Projeto Infec\u00e7\u00e3o Cong\u00eanita pelo Zika existe h\u00e1 um ano e tem o objetivo de fazer uma an\u00e1lise global de fatores de risco e interven\u00e7\u00e3o neuromoduladora para crian\u00e7as com microcefalia.<\/p>\n","protected":false},"excerpt":{"rendered":"<p>A Para\u00edba \u00e9 pioneira na realiza\u00e7\u00e3o da Espectroscopia Funcional por Infravermelho Pr\u00f3ximo em crian\u00e7as com microcefalia. Respons\u00e1vel por identificar a melhor \u00e1rea do c\u00e9rebro a&hellip; <\/p>\n","protected":false},"author":1,"featured_media":152449,"comment_status":"closed","ping_status":"closed","sticky":false,"template":"","format":"standard","meta":{"sfsi_plus_gutenberg_text_before_share":"","sfsi_plus_gutenberg_show_text_before_share":"","sfsi_plus_gutenberg_icon_type":"","sfsi_plus_gutenberg_icon_alignemt":"","sfsi_plus_gutenburg_max_per_row":"","footnotes":""},"categories":[16],"tags":[],"class_list":["post-152448","post","type-post","status-publish","format-standard","has-post-thumbnail","hentry","category-saude"],"_links":{"self":[{"href":"https:\/\/www.caririemacao.com\/1\/wp-json\/wp\/v2\/posts\/152448","targetHints":{"allow":["GET"]}}],"collection":[{"href":"https:\/\/www.caririemacao.com\/1\/wp-json\/wp\/v2\/posts"}],"about":[{"href":"https:\/\/www.caririemacao.com\/1\/wp-json\/wp\/v2\/types\/post"}],"author":[{"embeddable":true,"href":"https:\/\/www.caririemacao.com\/1\/wp-json\/wp\/v2\/users\/1"}],"replies":[{"embeddable":true,"href":"https:\/\/www.caririemacao.com\/1\/wp-json\/wp\/v2\/comments?post=152448"}],"version-history":[{"count":1,"href":"https:\/\/www.caririemacao.com\/1\/wp-json\/wp\/v2\/posts\/152448\/revisions"}],"predecessor-version":[{"id":152450,"href":"https:\/\/www.caririemacao.com\/1\/wp-json\/wp\/v2\/posts\/152448\/revisions\/152450"}],"wp:featuredmedia":[{"embeddable":true,"href":"https:\/\/www.caririemacao.com\/1\/wp-json\/wp\/v2\/media\/152449"}],"wp:attachment":[{"href":"https:\/\/www.caririemacao.com\/1\/wp-json\/wp\/v2\/media?parent=152448"}],"wp:term":[{"taxonomy":"category","embeddable":true,"href":"https:\/\/www.caririemacao.com\/1\/wp-json\/wp\/v2\/categories?post=152448"},{"taxonomy":"post_tag","embeddable":true,"href":"https:\/\/www.caririemacao.com\/1\/wp-json\/wp\/v2\/tags?post=152448"}],"curies":[{"name":"wp","href":"https:\/\/api.w.org\/{rel}","templated":true}]}}