{"id":152466,"date":"2020-02-09T10:44:18","date_gmt":"2020-02-09T13:44:18","guid":{"rendered":"http:\/\/www.caririemacao.com\/1\/?p=152466"},"modified":"2020-02-09T10:44:19","modified_gmt":"2020-02-09T13:44:19","slug":"tarifas-de-onibus-intermunicipais-e-de-balsa-estao-mais-caras-a-partir-deste-domingo","status":"publish","type":"post","link":"https:\/\/www.caririemacao.com\/1\/2020\/02\/09\/tarifas-de-onibus-intermunicipais-e-de-balsa-estao-mais-caras-a-partir-deste-domingo\/","title":{"rendered":"Tarifas de \u00f4nibus intermunicipais e de balsa est\u00e3o mais caras a partir deste domingo"},"content":{"rendered":"\n<p>Utilizar o transporte intermunicipal na Para\u00edba ficou mais caro a partir deste domingo. O reajuste m\u00e9dio de 5% foi aprovado e publicado no Di\u00e1rio Oficial do Estado desse s\u00e1bado (8). O aumento tamb\u00e9m \u00e9 v\u00e1lido para a balsa que realiza o trajeto Cabedelo-Costinha.<br><\/p>\n\n\n\n<p>De acordo com a publica\u00e7\u00e3o, a as empresas que operam o Sistema de Transporte Coletivo Intermunicipal de Passageiros apresentaram um estudo sobre a necessidade de reajuste no valor das passagens por \u00f4nibus para o Conselho Executivo do Departamento de Estradas de Rodagem, na \u00faltima quinta-feira (6).<\/p>\n\n\n\n<p>O reajuste foi aprovado considerando a necessidade de renova\u00e7\u00e3o e amplia\u00e7\u00e3o da frota, a melhoria da qualidade dos servi\u00e7os prestados e que o sistema de transporte intermunicipal n\u00e3o deve fazer concorr\u00eancia desleal com o sistema de transporte urbano, j\u00e1 que \u00e9 similar e trafega pelas mesmas vias.<\/p>\n\n\n\n<p>Na decis\u00e3o, o Conselho tamb\u00e9m declarou que nenhuma tarifa, aplicada aos servi\u00e7os de transporte intermunicipal de caracter\u00edsticas urbanas, poder\u00e1 ter valor inferior \u00e0 tarifa adotada para os servi\u00e7os urbanos da Regi\u00e3o Metropolitana do munic\u00edpio de sua atua\u00e7\u00e3o.<\/p>\n","protected":false},"excerpt":{"rendered":"<p>Utilizar o transporte intermunicipal na Para\u00edba ficou mais caro a partir deste domingo. O reajuste m\u00e9dio de 5% foi aprovado e publicado no Di\u00e1rio Oficial&hellip; <\/p>\n","protected":false},"author":1,"featured_media":152467,"comment_status":"closed","ping_status":"closed","sticky":false,"template":"","format":"standard","meta":{"sfsi_plus_gutenberg_text_before_share":"","sfsi_plus_gutenberg_show_text_before_share":"","sfsi_plus_gutenberg_icon_type":"","sfsi_plus_gutenberg_icon_alignemt":"","sfsi_plus_gutenburg_max_per_row":"","footnotes":""},"categories":[2],"tags":[],"class_list":["post-152466","post","type-post","status-publish","format-standard","has-post-thumbnail","hentry","category-geral"],"_links":{"self":[{"href":"https:\/\/www.caririemacao.com\/1\/wp-json\/wp\/v2\/posts\/152466","targetHints":{"allow":["GET"]}}],"collection":[{"href":"https:\/\/www.caririemacao.com\/1\/wp-json\/wp\/v2\/posts"}],"about":[{"href":"https:\/\/www.caririemacao.com\/1\/wp-json\/wp\/v2\/types\/post"}],"author":[{"embeddable":true,"href":"https:\/\/www.caririemacao.com\/1\/wp-json\/wp\/v2\/users\/1"}],"replies":[{"embeddable":true,"href":"https:\/\/www.caririemacao.com\/1\/wp-json\/wp\/v2\/comments?post=152466"}],"version-history":[{"count":1,"href":"https:\/\/www.caririemacao.com\/1\/wp-json\/wp\/v2\/posts\/152466\/revisions"}],"predecessor-version":[{"id":152468,"href":"https:\/\/www.caririemacao.com\/1\/wp-json\/wp\/v2\/posts\/152466\/revisions\/152468"}],"wp:featuredmedia":[{"embeddable":true,"href":"https:\/\/www.caririemacao.com\/1\/wp-json\/wp\/v2\/media\/152467"}],"wp:attachment":[{"href":"https:\/\/www.caririemacao.com\/1\/wp-json\/wp\/v2\/media?parent=152466"}],"wp:term":[{"taxonomy":"category","embeddable":true,"href":"https:\/\/www.caririemacao.com\/1\/wp-json\/wp\/v2\/categories?post=152466"},{"taxonomy":"post_tag","embeddable":true,"href":"https:\/\/www.caririemacao.com\/1\/wp-json\/wp\/v2\/tags?post=152466"}],"curies":[{"name":"wp","href":"https:\/\/api.w.org\/{rel}","templated":true}]}}