{"id":152470,"date":"2020-02-09T10:46:43","date_gmt":"2020-02-09T13:46:43","guid":{"rendered":"http:\/\/www.caririemacao.com\/1\/?p=152470"},"modified":"2020-02-09T10:46:45","modified_gmt":"2020-02-09T13:46:45","slug":"mulher-e-presa-no-rio-por-simular-sintomas-do-coronavirus","status":"publish","type":"post","link":"https:\/\/www.caririemacao.com\/1\/2020\/02\/09\/mulher-e-presa-no-rio-por-simular-sintomas-do-coronavirus\/","title":{"rendered":"Mulher \u00e9 presa no Rio por simular sintomas do coronav\u00edrus"},"content":{"rendered":"\n<p>Uma mulher foi presa nesta sexta-feira&nbsp;(7) na Unidade de Pronto Atendimento (UPA) de Copacabana, na zona sul do Rio de Janeiro, ap\u00f3s dizer que tinha viajado para Hong Kong e simular os sintomas do coronav\u00edrus, que j\u00e1 matou&nbsp; mais de 700 pessoas na China.<\/p>\n\n\n\n<p>Segundo a Pol\u00edcia Civil, agentes da 12\u00aa DP (Copacabana) a prenderam em flagrante, acusada do crime de falsidade ideol\u00f3gica e da contraven\u00e7\u00e3o de \u201cprovocar alarme, anunciando desastre ou perigo inexistente, ou praticar qualquer ato capaz de produzir p\u00e2nico ou tumulto\u201d.<\/p>\n\n\n\n<p>Ela esperava por atendimento priorit\u00e1rio na UPA e disse aos agentes de sa\u00fade que havia viajado como bab\u00e1 de uma fam\u00edlia e estava apresentando os sintomas associados ao novo coronav\u00edrus.<\/p>\n\n\n\n<p>De acordo com informa\u00e7\u00f5es da Pol\u00edcia Civil, houve grande como\u00e7\u00e3o na UPA e foram postos em pr\u00e1tica os protocolos internacionais para o tratamento do v\u00edrus. A mulher foi isolada e submetida a exames. As vigil\u00e2ncias sanit\u00e1rias estadual e municipal foram informadas e notificaram o Minist\u00e9rio da Sa\u00fade.<\/p>\n\n\n\n<p><strong>Minist\u00e9rio da Sa\u00fade<\/strong><br><\/p>\n\n\n\n<p>Como familiares da paciente disseram que ela n\u00e3o havia viajado e n\u00e3o tinha passaporte, o que foi confirmado pela Pol\u00edcia Federal, ela recebeu voz de pris\u00e3o dentro da UPA.&nbsp;<\/p>\n\n\n\n<p>Ap\u00f3s ser desmentida pelos familiares, a paciente admitiu que inventou a hist\u00f3ria para receber atendimento priorit\u00e1rio na unidade de sa\u00fade.<\/p>\n","protected":false},"excerpt":{"rendered":"<p>Uma mulher foi presa nesta sexta-feira&nbsp;(7) na Unidade de Pronto Atendimento (UPA) de Copacabana, na zona sul do Rio de Janeiro, ap\u00f3s dizer que tinha&hellip; <\/p>\n","protected":false},"author":1,"featured_media":152471,"comment_status":"closed","ping_status":"closed","sticky":false,"template":"","format":"standard","meta":{"sfsi_plus_gutenberg_text_before_share":"","sfsi_plus_gutenberg_show_text_before_share":"","sfsi_plus_gutenberg_icon_type":"","sfsi_plus_gutenberg_icon_alignemt":"","sfsi_plus_gutenburg_max_per_row":"","footnotes":""},"categories":[2],"tags":[],"class_list":["post-152470","post","type-post","status-publish","format-standard","has-post-thumbnail","hentry","category-geral"],"_links":{"self":[{"href":"https:\/\/www.caririemacao.com\/1\/wp-json\/wp\/v2\/posts\/152470","targetHints":{"allow":["GET"]}}],"collection":[{"href":"https:\/\/www.caririemacao.com\/1\/wp-json\/wp\/v2\/posts"}],"about":[{"href":"https:\/\/www.caririemacao.com\/1\/wp-json\/wp\/v2\/types\/post"}],"author":[{"embeddable":true,"href":"https:\/\/www.caririemacao.com\/1\/wp-json\/wp\/v2\/users\/1"}],"replies":[{"embeddable":true,"href":"https:\/\/www.caririemacao.com\/1\/wp-json\/wp\/v2\/comments?post=152470"}],"version-history":[{"count":1,"href":"https:\/\/www.caririemacao.com\/1\/wp-json\/wp\/v2\/posts\/152470\/revisions"}],"predecessor-version":[{"id":152472,"href":"https:\/\/www.caririemacao.com\/1\/wp-json\/wp\/v2\/posts\/152470\/revisions\/152472"}],"wp:featuredmedia":[{"embeddable":true,"href":"https:\/\/www.caririemacao.com\/1\/wp-json\/wp\/v2\/media\/152471"}],"wp:attachment":[{"href":"https:\/\/www.caririemacao.com\/1\/wp-json\/wp\/v2\/media?parent=152470"}],"wp:term":[{"taxonomy":"category","embeddable":true,"href":"https:\/\/www.caririemacao.com\/1\/wp-json\/wp\/v2\/categories?post=152470"},{"taxonomy":"post_tag","embeddable":true,"href":"https:\/\/www.caririemacao.com\/1\/wp-json\/wp\/v2\/tags?post=152470"}],"curies":[{"name":"wp","href":"https:\/\/api.w.org\/{rel}","templated":true}]}}