{"id":152474,"date":"2020-02-09T13:48:39","date_gmt":"2020-02-09T16:48:39","guid":{"rendered":"http:\/\/www.caririemacao.com\/1\/?p=152474"},"modified":"2020-02-09T13:48:41","modified_gmt":"2020-02-09T16:48:41","slug":"sob-o-comando-de-valmi-oliveira-movimento-65-oficializa-diretoria-em-coxixola-e-se-prepara-para-disputar-eleicao","status":"publish","type":"post","link":"https:\/\/www.caririemacao.com\/1\/2020\/02\/09\/sob-o-comando-de-valmi-oliveira-movimento-65-oficializa-diretoria-em-coxixola-e-se-prepara-para-disputar-eleicao\/","title":{"rendered":"Sob o comando de Valmi Oliveira, \u201cMovimento 65\u201d oficializa diretoria em Coxixola e se prepara para disputar elei\u00e7\u00e3o"},"content":{"rendered":"\n<figure class=\"wp-block-image\"><img decoding=\"async\" data-src=\"https:\/\/www.paraibamix.com.br\/wp-content\/uploads\/2020\/02\/250d6c0d-c10e-4d28-9bcc-22572daabfee-1024x768.jpg\" alt=\"\" class=\"wp-image-32124 lazyload\" src=\"data:image\/svg+xml;base64,PHN2ZyB3aWR0aD0iMSIgaGVpZ2h0PSIxIiB4bWxucz0iaHR0cDovL3d3dy53My5vcmcvMjAwMC9zdmciPjwvc3ZnPg==\" style=\"--smush-placeholder-width: 1024px; --smush-placeholder-aspect-ratio: 1024\/768;\" \/><\/figure>\n\n\n\n<p>Aconteceu na noite deste s\u00e1bado (08) na cidade de Coxixola um congresso do partido \u201cMovimento 65\u201d que visou oficializar a diretoria da legenda no munic\u00edpio.<\/p>\n\n\n\n<p>O espa\u00e7o de eventos da pousada central ficou pequeno com a grande participa\u00e7\u00e3o popular que foi registrada no encontro. Marcaram presen\u00e7a o Deputado Estadual, In\u00e1cio Falc\u00e3o; os vereadores Alexandre, Carlinhos e Gra\u00e7a, al\u00e9m de autoridades de outros munic\u00edpios do Cariri Paraibano.<\/p>\n\n\n\n<figure class=\"wp-block-image\"><img decoding=\"async\" data-src=\"https:\/\/www.paraibamix.com.br\/wp-content\/uploads\/2020\/02\/valmi_65-1024x878.jpg\" alt=\"\" class=\"wp-image-32127 lazyload\" src=\"data:image\/svg+xml;base64,PHN2ZyB3aWR0aD0iMSIgaGVpZ2h0PSIxIiB4bWxucz0iaHR0cDovL3d3dy53My5vcmcvMjAwMC9zdmciPjwvc3ZnPg==\" style=\"--smush-placeholder-width: 1024px; --smush-placeholder-aspect-ratio: 1024\/878;\" \/><\/figure>\n\n\n\n<p>Valmi Oliveira que foi aclamado presidente da legenda por unanimidade disse que essa oficializa\u00e7\u00e3o do partido \u00e9 o primeiro passo para a caminhada eleitoral deste ano de 2020.<\/p>\n\n\n\n<p>\u201cEstamos dando o primeiro passo hoje. N\u00f3s da oposi\u00e7\u00e3o j\u00e1 mostramos que temos um projeto para beneficiar todas as fam\u00edlias de Coxixola e assim sair de uma gangorra em que o poder s\u00f3 ficava entre dois amigos. Quero que todos voc\u00eas fa\u00e7am parte dessa luta, conversem com os amigos, vizinhos e mostrem que Coxixola tem um novo projeto de pol\u00edtica que trar\u00e1 o verdadeiro desenvolvimento\u201d, disse Valmi.<\/p>\n\n\n\n<figure class=\"wp-block-image\"><img decoding=\"async\" data-src=\"https:\/\/www.paraibamix.com.br\/wp-content\/uploads\/2020\/02\/inacio_falcao-1024x682.jpg\" alt=\"\" class=\"wp-image-32121 lazyload\" src=\"data:image\/svg+xml;base64,PHN2ZyB3aWR0aD0iMSIgaGVpZ2h0PSIxIiB4bWxucz0iaHR0cDovL3d3dy53My5vcmcvMjAwMC9zdmciPjwvc3ZnPg==\" style=\"--smush-placeholder-width: 1024px; --smush-placeholder-aspect-ratio: 1024\/682;\" \/><\/figure>\n\n\n\n<p>O Deputado In\u00e1cio Falc\u00e3o destacou o trabalho realizado por Valmi Oliveira e todo grupo da oposi\u00e7\u00e3o no munic\u00edpio e deu exemplos de gest\u00f5es do \u201cMovimento 65\u201d que est\u00e3o dando pelo pa\u00eds como no Estado do Maranh\u00e3o onde um professor tem o sal\u00e1rio m\u00ednimo superior a 6.000 reais.<\/p>\n\n\n\n<p>Na oportunidade tamb\u00e9m foram apresentados os pr\u00e9-candidatos que estar\u00e3o disputando vagas na C\u00e2mara Municipal de Coxixola.<\/p>\n\n\n\n<p>O partido ficar\u00e1 sob o comando de Valmi Oliveira, pr\u00e9-candidato da oposi\u00e7\u00e3o no munic\u00edpio de Coxixola, tendo como vice-presidente Josaf\u00e1 Ara\u00fajo, Secret\u00e1rios Caio Bernardo e Jos\u00e9 Giliard como tamb\u00e9m os demais membros da diretoria que ser\u00e3o Josirene Queiroz, Fabiola Albino e Laurizy Martins.<\/p>\n\n\n\n<p><strong>Para\u00edba Mix<\/strong><\/p>\n","protected":false},"excerpt":{"rendered":"<p>Aconteceu na noite deste s\u00e1bado (08) na cidade de Coxixola um congresso do partido \u201cMovimento 65\u201d que visou oficializar a diretoria da legenda no munic\u00edpio.&hellip; <\/p>\n","protected":false},"author":1,"featured_media":152484,"comment_status":"closed","ping_status":"closed","sticky":false,"template":"","format":"standard","meta":{"sfsi_plus_gutenberg_text_before_share":"","sfsi_plus_gutenberg_show_text_before_share":"","sfsi_plus_gutenberg_icon_type":"","sfsi_plus_gutenberg_icon_alignemt":"","sfsi_plus_gutenburg_max_per_row":"","footnotes":""},"categories":[2],"tags":[],"class_list":["post-152474","post","type-post","status-publish","format-standard","has-post-thumbnail","hentry","category-geral"],"_links":{"self":[{"href":"https:\/\/www.caririemacao.com\/1\/wp-json\/wp\/v2\/posts\/152474","targetHints":{"allow":["GET"]}}],"collection":[{"href":"https:\/\/www.caririemacao.com\/1\/wp-json\/wp\/v2\/posts"}],"about":[{"href":"https:\/\/www.caririemacao.com\/1\/wp-json\/wp\/v2\/types\/post"}],"author":[{"embeddable":true,"href":"https:\/\/www.caririemacao.com\/1\/wp-json\/wp\/v2\/users\/1"}],"replies":[{"embeddable":true,"href":"https:\/\/www.caririemacao.com\/1\/wp-json\/wp\/v2\/comments?post=152474"}],"version-history":[{"count":1,"href":"https:\/\/www.caririemacao.com\/1\/wp-json\/wp\/v2\/posts\/152474\/revisions"}],"predecessor-version":[{"id":152485,"href":"https:\/\/www.caririemacao.com\/1\/wp-json\/wp\/v2\/posts\/152474\/revisions\/152485"}],"wp:featuredmedia":[{"embeddable":true,"href":"https:\/\/www.caririemacao.com\/1\/wp-json\/wp\/v2\/media\/152484"}],"wp:attachment":[{"href":"https:\/\/www.caririemacao.com\/1\/wp-json\/wp\/v2\/media?parent=152474"}],"wp:term":[{"taxonomy":"category","embeddable":true,"href":"https:\/\/www.caririemacao.com\/1\/wp-json\/wp\/v2\/categories?post=152474"},{"taxonomy":"post_tag","embeddable":true,"href":"https:\/\/www.caririemacao.com\/1\/wp-json\/wp\/v2\/tags?post=152474"}],"curies":[{"name":"wp","href":"https:\/\/api.w.org\/{rel}","templated":true}]}}