{"id":152475,"date":"2020-02-09T11:28:19","date_gmt":"2020-02-09T14:28:19","guid":{"rendered":"http:\/\/www.caririemacao.com\/1\/?p=152475"},"modified":"2020-02-09T12:06:18","modified_gmt":"2020-02-09T15:06:18","slug":"colecao-de-estilista-paraibano-somos-todos-paraiba-expoe-pecas-em-desfile-na-paraiba","status":"publish","type":"post","link":"https:\/\/www.caririemacao.com\/1\/2020\/02\/09\/colecao-de-estilista-paraibano-somos-todos-paraiba-expoe-pecas-em-desfile-na-paraiba\/","title":{"rendered":"Caririzeiras t\u00eam pe\u00e7as apresentadas em desfile em Jo\u00e3o Pessoa"},"content":{"rendered":"\n<p>A cole\u00e7\u00e3o do estilista Ronaldo<br> Fraga, &#8220;Somos todos Para\u00edba&#8221;, com 25<br> modelos paraibanas, teve sua cole\u00e7\u00e3o exposta no Espa\u00e7o Cultural Jos\u00e9 Lins do Rego, na quarta-feira 29\/01 Onde deixou muitos paraibanos orgulhosos. <\/p>\n\n\n\n<p>O evento faz parte do 31\u00b0 Sal\u00e3o do Artesanato da Para\u00edba. E constituiu-se em momento \u00fanico, fruto da genialidade do protagonista inspirado nas obras do artista pl\u00e1stico o paraibano Fl\u00e1vio Tavares, das m\u00e3os das 35 rendeiras de bordados renascen\u00e7a da regi\u00e3o do Caririe, dos munic\u00edpios de S\u00e3o Sebasti\u00e3o de Umbuzeiro, Zabel\u00ea, Monteiro, Camala\u00fa e S\u00e3o Jo\u00e3o do Tigre. <\/p>\n\n\n\n<p>O evento ainda contou com a apresenta\u00e7\u00e3o da cantora Sandra Bel\u00ea, filha de rendeira, que com sua voz transformou o ambiente numa \u00f3pera nordestina. Tornando-se um espet\u00e1culo m\u00e1gico, glamoroso, emocionante e in\u00e9dito  com personalidade e identidade cultural. N\u00e3o deixando a desejar a nenhum desfile, comparando \u00e0s grandes casas mundiais da moda dos estilistas franceses Yves Saint Laurent, Cristian Dior, Coco Channe, ou italianos Guccio Gucci, Giorgio Armani<br> entre outros. <\/p>\n\n\n\n<p>Pode-se dizer, que o desfile foi a s\u00edntese da cultura regional unida \u00e0s artes: pl\u00e1stica, c\u00eanica, erudita e popular. Integranfo assim, ao sofrimento da aridez da seca, de forma l\u00edrica e po\u00e9tica, transpareceu que o povo n\u00e3o se deixa abater, pois das m\u00e3os de suas rendeiras surgem pe\u00e7as transformadas em verdadeiras joias raras. Participaram do Sal\u00e3o do Artesanato 300 expositores, representando 3800 artes\u00e3os de 46 munic\u00edpios.<\/p>\n\n\n\n<p>Foi comercializado no evento,  33,3 mil pe\u00e7as, gerando 1,6 milh\u00e3ode reais. Sendo assim, o artesanato incentiva a vida, a dignidade e a evolu\u00e7\u00e3o humana. <\/p>\n\n\n\n<p>Informa\u00e7\u00f5es: Regina Rodriguez B\u00f4tto Targino. Profe. Em\u00e9rita da UFPB<\/p>\n","protected":false},"excerpt":{"rendered":"<p>A cole\u00e7\u00e3o do estilista Ronaldo Fraga, &#8220;Somos todos Para\u00edba&#8221;, com 25 modelos paraibanas, teve sua cole\u00e7\u00e3o exposta no Espa\u00e7o Cultural Jos\u00e9 Lins do Rego, na&hellip; <\/p>\n","protected":false},"author":2,"featured_media":152476,"comment_status":"closed","ping_status":"closed","sticky":false,"template":"","format":"standard","meta":{"sfsi_plus_gutenberg_text_before_share":"","sfsi_plus_gutenberg_show_text_before_share":"","sfsi_plus_gutenberg_icon_type":"","sfsi_plus_gutenberg_icon_alignemt":"","sfsi_plus_gutenburg_max_per_row":"","footnotes":""},"categories":[6,50],"tags":[],"class_list":["post-152475","post","type-post","status-publish","format-standard","has-post-thumbnail","hentry","category-cidades","category-destaque"],"_links":{"self":[{"href":"https:\/\/www.caririemacao.com\/1\/wp-json\/wp\/v2\/posts\/152475","targetHints":{"allow":["GET"]}}],"collection":[{"href":"https:\/\/www.caririemacao.com\/1\/wp-json\/wp\/v2\/posts"}],"about":[{"href":"https:\/\/www.caririemacao.com\/1\/wp-json\/wp\/v2\/types\/post"}],"author":[{"embeddable":true,"href":"https:\/\/www.caririemacao.com\/1\/wp-json\/wp\/v2\/users\/2"}],"replies":[{"embeddable":true,"href":"https:\/\/www.caririemacao.com\/1\/wp-json\/wp\/v2\/comments?post=152475"}],"version-history":[{"count":3,"href":"https:\/\/www.caririemacao.com\/1\/wp-json\/wp\/v2\/posts\/152475\/revisions"}],"predecessor-version":[{"id":152479,"href":"https:\/\/www.caririemacao.com\/1\/wp-json\/wp\/v2\/posts\/152475\/revisions\/152479"}],"wp:featuredmedia":[{"embeddable":true,"href":"https:\/\/www.caririemacao.com\/1\/wp-json\/wp\/v2\/media\/152476"}],"wp:attachment":[{"href":"https:\/\/www.caririemacao.com\/1\/wp-json\/wp\/v2\/media?parent=152475"}],"wp:term":[{"taxonomy":"category","embeddable":true,"href":"https:\/\/www.caririemacao.com\/1\/wp-json\/wp\/v2\/categories?post=152475"},{"taxonomy":"post_tag","embeddable":true,"href":"https:\/\/www.caririemacao.com\/1\/wp-json\/wp\/v2\/tags?post=152475"}],"curies":[{"name":"wp","href":"https:\/\/api.w.org\/{rel}","templated":true}]}}