{"id":152480,"date":"2020-02-09T12:30:32","date_gmt":"2020-02-09T15:30:32","guid":{"rendered":"http:\/\/www.caririemacao.com\/1\/?p=152480"},"modified":"2020-02-09T12:32:17","modified_gmt":"2020-02-09T15:32:17","slug":"prefeito-de-sao-jose-dos-cordeiros-anuncia-que-apiario-esta-pronto-para-produzir","status":"publish","type":"post","link":"https:\/\/www.caririemacao.com\/1\/2020\/02\/09\/prefeito-de-sao-jose-dos-cordeiros-anuncia-que-apiario-esta-pronto-para-produzir\/","title":{"rendered":"Prefeito de S\u00e3o Jos\u00e9 dos Cordeiros anuncia que api\u00e1rio est\u00e1 pronto para produzir"},"content":{"rendered":"\n<p>O prefeito de S\u00e3o Jos\u00e9 dos Cordeiros, Jefferson Roberto, atrav\u00e9s de sua rede social anunciou na manh\u00e3 deste domingo, 09, que o api\u00e1rio j\u00e1 est\u00e1 preparado para produzir, na comunidade Cazuzinha. <\/p>\n\n\n\n<p>De acordo com o prefeito, o trabalho ser\u00e1 orientado pelo T\u00e9cnico Leon Denis da empresa Rainha da Para\u00edba, que ter\u00e1 o apoio do T\u00e9cnico Ismar Vilar da empresa  EMPAER\/PB. E ainda do secret\u00e1rio de agricultura Dayvison Romeryto e equipe da secretaria, do Governo do Estado da Para\u00edba atrav\u00e9s do PROCASE, atrav\u00e9s do Coordenador Dr Aristeu e da t\u00e9cnica Joseane Bezerra, e a realiza\u00e7\u00e3o dos trabalhos pelos apicultores da AAME-SJC. <\/p>\n\n\n\n<p>De acordo com Jefferson, &#8220;investir nas atividades produtivas \u00e9 tornar as pessoas livres, \u00e9 gerar emprego e renda. E isso \u00e9 algo que vem sendo feito,  juntamente com parceiros, e com investimentos pr\u00f3prios. Tendo como resultado, pol\u00edtica p\u00fablica feita com qualidade. Pois nas palavras dele,  &#8220;pol\u00edtica p\u00fablica feita com pessoas certas \u00e9 poss\u00edvel mudar a vida para melhor&#8221;.<br> <\/p>\n\n\n\n<p>&#8216;Agrade\u00e7o a todos envolvidos nesse projeto:<br> secret\u00e1rio de agricultura e que Deus nos aben\u00e7oe sempre,&#8221; afirmou o prefeito. <\/p>\n","protected":false},"excerpt":{"rendered":"<p>O prefeito de S\u00e3o Jos\u00e9 dos Cordeiros, Jefferson Roberto, atrav\u00e9s de sua rede social anunciou na manh\u00e3 deste domingo, 09, que o api\u00e1rio j\u00e1 est\u00e1&hellip; <\/p>\n","protected":false},"author":2,"featured_media":152481,"comment_status":"closed","ping_status":"closed","sticky":false,"template":"","format":"standard","meta":{"sfsi_plus_gutenberg_text_before_share":"","sfsi_plus_gutenberg_show_text_before_share":"","sfsi_plus_gutenberg_icon_type":"","sfsi_plus_gutenberg_icon_alignemt":"","sfsi_plus_gutenburg_max_per_row":"","footnotes":""},"categories":[6,50,11],"tags":[],"class_list":["post-152480","post","type-post","status-publish","format-standard","has-post-thumbnail","hentry","category-cidades","category-destaque","category-politica"],"_links":{"self":[{"href":"https:\/\/www.caririemacao.com\/1\/wp-json\/wp\/v2\/posts\/152480","targetHints":{"allow":["GET"]}}],"collection":[{"href":"https:\/\/www.caririemacao.com\/1\/wp-json\/wp\/v2\/posts"}],"about":[{"href":"https:\/\/www.caririemacao.com\/1\/wp-json\/wp\/v2\/types\/post"}],"author":[{"embeddable":true,"href":"https:\/\/www.caririemacao.com\/1\/wp-json\/wp\/v2\/users\/2"}],"replies":[{"embeddable":true,"href":"https:\/\/www.caririemacao.com\/1\/wp-json\/wp\/v2\/comments?post=152480"}],"version-history":[{"count":2,"href":"https:\/\/www.caririemacao.com\/1\/wp-json\/wp\/v2\/posts\/152480\/revisions"}],"predecessor-version":[{"id":152483,"href":"https:\/\/www.caririemacao.com\/1\/wp-json\/wp\/v2\/posts\/152480\/revisions\/152483"}],"wp:featuredmedia":[{"embeddable":true,"href":"https:\/\/www.caririemacao.com\/1\/wp-json\/wp\/v2\/media\/152481"}],"wp:attachment":[{"href":"https:\/\/www.caririemacao.com\/1\/wp-json\/wp\/v2\/media?parent=152480"}],"wp:term":[{"taxonomy":"category","embeddable":true,"href":"https:\/\/www.caririemacao.com\/1\/wp-json\/wp\/v2\/categories?post=152480"},{"taxonomy":"post_tag","embeddable":true,"href":"https:\/\/www.caririemacao.com\/1\/wp-json\/wp\/v2\/tags?post=152480"}],"curies":[{"name":"wp","href":"https:\/\/api.w.org\/{rel}","templated":true}]}}