{"id":152489,"date":"2020-02-09T18:39:09","date_gmt":"2020-02-09T21:39:09","guid":{"rendered":"http:\/\/www.caririemacao.com\/1\/?p=152489"},"modified":"2020-02-09T18:45:00","modified_gmt":"2020-02-09T21:45:00","slug":"prefeito-junior-lanca-2a-edicao-do-programa-mais-medicos-para-a-prata","status":"publish","type":"post","link":"https:\/\/www.caririemacao.com\/1\/2020\/02\/09\/prefeito-junior-lanca-2a-edicao-do-programa-mais-medicos-para-a-prata\/","title":{"rendered":"Prefeito J\u00fanior lan\u00e7a 2\u00aa edi\u00e7\u00e3o do Programa \u201cMais M\u00e9dicos Para a Prata\u201d"},"content":{"rendered":"\n<p>A Prefeitura de Prata lan\u00e7ou na noite deste s\u00e1bado (08) a segunda edi\u00e7\u00e3o do Programa Mais M\u00e9dicos Para Prata, um programa in\u00e9dito na Para\u00edba e incentivador que vem beneficiando alunos de medicina durante todo o curso.<\/p>\n\n\n\n<figure class=\"wp-block-image size-large\"><img fetchpriority=\"high\" decoding=\"async\" width=\"1024\" height=\"683\" src=\"http:\/\/www.caririemacao.com\/1\/wp-content\/uploads\/2020\/02\/DSC_4523-1024x683.jpg\" alt=\"\" class=\"wp-image-152491\" srcset=\"https:\/\/www.caririemacao.com\/1\/wp-content\/uploads\/2020\/02\/DSC_4523-1024x683.jpg 1024w, https:\/\/www.caririemacao.com\/1\/wp-content\/uploads\/2020\/02\/DSC_4523-300x200.jpg 300w, https:\/\/www.caririemacao.com\/1\/wp-content\/uploads\/2020\/02\/DSC_4523-768x512.jpg 768w, https:\/\/www.caririemacao.com\/1\/wp-content\/uploads\/2020\/02\/DSC_4523-1536x1024.jpg 1536w, https:\/\/www.caririemacao.com\/1\/wp-content\/uploads\/2020\/02\/DSC_4523.jpg 1600w\" sizes=\"(max-width: 1024px) 100vw, 1024px\" \/><\/figure>\n\n\n\n<p>O lan\u00e7amento da 2\u00aa edi\u00e7\u00e3o do programa contou com a presen\u00e7a do prefeito J\u00fanior N\u00f3brega e sua esposa Maria Aparecida, tamb\u00e9m contou com a presen\u00e7a do vice-prefeito Juci, secret\u00e1rios municipais, vereadores, al\u00e9m do gerente regional de Educa\u00e7\u00e3o (Ari Prata).<\/p>\n\n\n\n<figure class=\"wp-block-image size-large\"><img decoding=\"async\" width=\"1024\" height=\"683\" data-src=\"http:\/\/www.caririemacao.com\/1\/wp-content\/uploads\/2020\/02\/DSC_4736-1024x683.jpg\" alt=\"\" class=\"wp-image-152492 lazyload\" data-srcset=\"https:\/\/www.caririemacao.com\/1\/wp-content\/uploads\/2020\/02\/DSC_4736-1024x683.jpg 1024w, https:\/\/www.caririemacao.com\/1\/wp-content\/uploads\/2020\/02\/DSC_4736-300x200.jpg 300w, https:\/\/www.caririemacao.com\/1\/wp-content\/uploads\/2020\/02\/DSC_4736-768x512.jpg 768w, https:\/\/www.caririemacao.com\/1\/wp-content\/uploads\/2020\/02\/DSC_4736-1536x1024.jpg 1536w, https:\/\/www.caririemacao.com\/1\/wp-content\/uploads\/2020\/02\/DSC_4736.jpg 1600w\" data-sizes=\"(max-width: 1024px) 100vw, 1024px\" src=\"data:image\/svg+xml;base64,PHN2ZyB3aWR0aD0iMSIgaGVpZ2h0PSIxIiB4bWxucz0iaHR0cDovL3d3dy53My5vcmcvMjAwMC9zdmciPjwvc3ZnPg==\" style=\"--smush-placeholder-width: 1024px; --smush-placeholder-aspect-ratio: 1024\/683;\" \/><\/figure>\n\n\n\n<p>O prefeito J\u00fanior comentou que o programa consiste em custear cinco alunos que ter\u00e3o a oportunidade de estudar o curso de medicina a no Paraguai, onde j\u00e1 tem pratenses estudando, ajudando-os com uma bolsa de estudo. J\u00fanior refor\u00e7ou que que os alunos, quando estiverem formados, ter\u00e3o que restituir esta ajuda, prestando servi\u00e7os aos pratenses.<\/p>\n\n\n\n<figure class=\"wp-block-image size-large\"><img decoding=\"async\" width=\"1024\" height=\"683\" data-src=\"http:\/\/www.caririemacao.com\/1\/wp-content\/uploads\/2020\/02\/DSC_4516-1024x683.jpg\" alt=\"\" class=\"wp-image-152493 lazyload\" data-srcset=\"https:\/\/www.caririemacao.com\/1\/wp-content\/uploads\/2020\/02\/DSC_4516-1024x683.jpg 1024w, https:\/\/www.caririemacao.com\/1\/wp-content\/uploads\/2020\/02\/DSC_4516-300x200.jpg 300w, https:\/\/www.caririemacao.com\/1\/wp-content\/uploads\/2020\/02\/DSC_4516-768x512.jpg 768w, https:\/\/www.caririemacao.com\/1\/wp-content\/uploads\/2020\/02\/DSC_4516-1536x1024.jpg 1536w, https:\/\/www.caririemacao.com\/1\/wp-content\/uploads\/2020\/02\/DSC_4516.jpg 1600w\" data-sizes=\"(max-width: 1024px) 100vw, 1024px\" src=\"data:image\/svg+xml;base64,PHN2ZyB3aWR0aD0iMSIgaGVpZ2h0PSIxIiB4bWxucz0iaHR0cDovL3d3dy53My5vcmcvMjAwMC9zdmciPjwvc3ZnPg==\" style=\"--smush-placeholder-width: 1024px; --smush-placeholder-aspect-ratio: 1024\/683;\" \/><\/figure>\n\n\n\n<p>As pessoas presenciaram uma emocionante cerim\u00f4nia, onde a organiza\u00e7\u00e3o apresentou um breve relato, atrav\u00e9s de um document\u00e1rio, mostrando a vida dos alunos. <\/p>\n\n\n\n<figure class=\"wp-block-image size-large\"><img decoding=\"async\" width=\"1024\" height=\"683\" data-src=\"http:\/\/www.caririemacao.com\/1\/wp-content\/uploads\/2020\/02\/DSC_4566-1024x683.jpg\" alt=\"\" class=\"wp-image-152496 lazyload\" data-srcset=\"https:\/\/www.caririemacao.com\/1\/wp-content\/uploads\/2020\/02\/DSC_4566-1024x683.jpg 1024w, https:\/\/www.caririemacao.com\/1\/wp-content\/uploads\/2020\/02\/DSC_4566-300x200.jpg 300w, https:\/\/www.caririemacao.com\/1\/wp-content\/uploads\/2020\/02\/DSC_4566-768x512.jpg 768w, https:\/\/www.caririemacao.com\/1\/wp-content\/uploads\/2020\/02\/DSC_4566-1536x1024.jpg 1536w, https:\/\/www.caririemacao.com\/1\/wp-content\/uploads\/2020\/02\/DSC_4566.jpg 1600w\" data-sizes=\"(max-width: 1024px) 100vw, 1024px\" src=\"data:image\/svg+xml;base64,PHN2ZyB3aWR0aD0iMSIgaGVpZ2h0PSIxIiB4bWxucz0iaHR0cDovL3d3dy53My5vcmcvMjAwMC9zdmciPjwvc3ZnPg==\" style=\"--smush-placeholder-width: 1024px; --smush-placeholder-aspect-ratio: 1024\/683;\" \/><\/figure>\n\n\n\n<p>Os familiares n\u00e3o esconderam a emo\u00e7\u00e3o que seus filhos est\u00e3o tendo em participar deste programa educacional.<\/p>\n\n\n\n<figure class=\"wp-block-image size-large\"><img decoding=\"async\" width=\"1024\" height=\"683\" data-src=\"http:\/\/www.caririemacao.com\/1\/wp-content\/uploads\/2020\/02\/DSC_4649-1024x683.jpg\" alt=\"\" class=\"wp-image-152494 lazyload\" data-srcset=\"https:\/\/www.caririemacao.com\/1\/wp-content\/uploads\/2020\/02\/DSC_4649-1024x683.jpg 1024w, https:\/\/www.caririemacao.com\/1\/wp-content\/uploads\/2020\/02\/DSC_4649-300x200.jpg 300w, https:\/\/www.caririemacao.com\/1\/wp-content\/uploads\/2020\/02\/DSC_4649-768x512.jpg 768w, https:\/\/www.caririemacao.com\/1\/wp-content\/uploads\/2020\/02\/DSC_4649-1536x1024.jpg 1536w, https:\/\/www.caririemacao.com\/1\/wp-content\/uploads\/2020\/02\/DSC_4649.jpg 1600w\" data-sizes=\"(max-width: 1024px) 100vw, 1024px\" src=\"data:image\/svg+xml;base64,PHN2ZyB3aWR0aD0iMSIgaGVpZ2h0PSIxIiB4bWxucz0iaHR0cDovL3d3dy53My5vcmcvMjAwMC9zdmciPjwvc3ZnPg==\" style=\"--smush-placeholder-width: 1024px; --smush-placeholder-aspect-ratio: 1024\/683;\" \/><\/figure>\n\n\n\n<p>Os alunos tamb\u00e9m receberam das m\u00e3os da secret\u00e1ria de sa\u00fade, Maria Aparecida, o jaleco para todos os alunos. Ela explicou que os demais equipamentos m\u00e9dicos ser\u00e3o entregue pelo tamb\u00e9m aluno Dudinha que j\u00e1 estuda no Paraguai.<\/p>\n\n\n\n<figure class=\"wp-block-image size-large\"><img decoding=\"async\" width=\"1024\" height=\"683\" data-src=\"http:\/\/www.caririemacao.com\/1\/wp-content\/uploads\/2020\/02\/DSC_4725-1024x683.jpg\" alt=\"\" class=\"wp-image-152495 lazyload\" data-srcset=\"https:\/\/www.caririemacao.com\/1\/wp-content\/uploads\/2020\/02\/DSC_4725-1024x683.jpg 1024w, https:\/\/www.caririemacao.com\/1\/wp-content\/uploads\/2020\/02\/DSC_4725-300x200.jpg 300w, https:\/\/www.caririemacao.com\/1\/wp-content\/uploads\/2020\/02\/DSC_4725-768x512.jpg 768w, https:\/\/www.caririemacao.com\/1\/wp-content\/uploads\/2020\/02\/DSC_4725-1536x1024.jpg 1536w, https:\/\/www.caririemacao.com\/1\/wp-content\/uploads\/2020\/02\/DSC_4725.jpg 1600w\" data-sizes=\"(max-width: 1024px) 100vw, 1024px\" src=\"data:image\/svg+xml;base64,PHN2ZyB3aWR0aD0iMSIgaGVpZ2h0PSIxIiB4bWxucz0iaHR0cDovL3d3dy53My5vcmcvMjAwMC9zdmciPjwvc3ZnPg==\" style=\"--smush-placeholder-width: 1024px; --smush-placeholder-aspect-ratio: 1024\/683;\" \/><\/figure>\n\n\n\n<p>\u201cPensamos este programa com dois objetivos, o primeiro em\ncontribuir para a forma\u00e7\u00e3o desses jovens, e o segundo, melhorar e aumentar a\noferta de m\u00e9dicos no munic\u00edpio, porque ser\u00e3o mais 05 m\u00e9dicos, no futuro bem\npr\u00f3ximo, que estar\u00e3o prestando atendimento m\u00e9dico perto de casa, atendendo seus\namigos, familiares, atendendo o povo de Prata\u201d, enfatizou o prefeito.\n&nbsp;&nbsp;<\/p>\n\n\n\n<p>Durante o lan\u00e7amento, tamb\u00e9m foi servido um jantar para os\nalunos contemplados com o programa e seus familiares, num momento de felicidade\npara todos que fazem a Gest\u00e3o Municipal.<\/p>\n\n\n\n<p><a href=\"https:\/\/www.facebook.com\/pg\/CaririEmAcao\/photos\/?tab=album&amp;album_id=1804563789679636\">CLIQUE AQUI E VEJA MAIS FOTOS.<\/a><\/p>\n","protected":false},"excerpt":{"rendered":"<p>A Prefeitura de Prata lan\u00e7ou na noite deste s\u00e1bado (08) a segunda edi\u00e7\u00e3o do Programa Mais M\u00e9dicos Para Prata, um programa in\u00e9dito na Para\u00edba e&hellip; <\/p>\n","protected":false},"author":1,"featured_media":152490,"comment_status":"closed","ping_status":"closed","sticky":false,"template":"","format":"standard","meta":{"sfsi_plus_gutenberg_text_before_share":"","sfsi_plus_gutenberg_show_text_before_share":"","sfsi_plus_gutenberg_icon_type":"","sfsi_plus_gutenberg_icon_alignemt":"","sfsi_plus_gutenburg_max_per_row":"","footnotes":""},"categories":[6,50],"tags":[],"class_list":["post-152489","post","type-post","status-publish","format-standard","has-post-thumbnail","hentry","category-cidades","category-destaque"],"_links":{"self":[{"href":"https:\/\/www.caririemacao.com\/1\/wp-json\/wp\/v2\/posts\/152489","targetHints":{"allow":["GET"]}}],"collection":[{"href":"https:\/\/www.caririemacao.com\/1\/wp-json\/wp\/v2\/posts"}],"about":[{"href":"https:\/\/www.caririemacao.com\/1\/wp-json\/wp\/v2\/types\/post"}],"author":[{"embeddable":true,"href":"https:\/\/www.caririemacao.com\/1\/wp-json\/wp\/v2\/users\/1"}],"replies":[{"embeddable":true,"href":"https:\/\/www.caririemacao.com\/1\/wp-json\/wp\/v2\/comments?post=152489"}],"version-history":[{"count":4,"href":"https:\/\/www.caririemacao.com\/1\/wp-json\/wp\/v2\/posts\/152489\/revisions"}],"predecessor-version":[{"id":152500,"href":"https:\/\/www.caririemacao.com\/1\/wp-json\/wp\/v2\/posts\/152489\/revisions\/152500"}],"wp:featuredmedia":[{"embeddable":true,"href":"https:\/\/www.caririemacao.com\/1\/wp-json\/wp\/v2\/media\/152490"}],"wp:attachment":[{"href":"https:\/\/www.caririemacao.com\/1\/wp-json\/wp\/v2\/media?parent=152489"}],"wp:term":[{"taxonomy":"category","embeddable":true,"href":"https:\/\/www.caririemacao.com\/1\/wp-json\/wp\/v2\/categories?post=152489"},{"taxonomy":"post_tag","embeddable":true,"href":"https:\/\/www.caririemacao.com\/1\/wp-json\/wp\/v2\/tags?post=152489"}],"curies":[{"name":"wp","href":"https:\/\/api.w.org\/{rel}","templated":true}]}}