{"id":152501,"date":"2020-02-09T19:25:18","date_gmt":"2020-02-09T22:25:18","guid":{"rendered":"http:\/\/www.caririemacao.com\/1\/?p=152501"},"modified":"2020-02-09T19:25:18","modified_gmt":"2020-02-09T22:25:18","slug":"prefeitura-de-amparo-publica-nota-de-esclarecimento","status":"publish","type":"post","link":"https:\/\/www.caririemacao.com\/1\/2020\/02\/09\/prefeitura-de-amparo-publica-nota-de-esclarecimento\/","title":{"rendered":"Prefeitura de Amparo publica nota de esclarecimento"},"content":{"rendered":"\n<p>A prefeitura municipal de Amparo publicou uma nota de esclarecimento na noite deste domingo, 09, sobre uma not\u00edcia que se espalhou nas redes sociais. <\/p>\n\n\n\n<p>A atual gest\u00e3o administrativa do munic\u00edpio de Amparo, afirma que em nenhum momento, tem envolvimento com a noticia veiculada no portal de noticias &#8220;De Olho No Cariri&#8221; onde o titulo da mat\u00e9ria \u00e9: MP investiga contrato da prefeitura de Amparo com suposta empresa &#8216;fantasma&#8217;. &#8220;Nossa gest\u00e3o est\u00e1 isenta de qualquer tipo de<br> investiga\u00e7\u00e3o do Minist\u00e9rio P\u00fablico. Na mat\u00e9ria fica explicitado que o alvo da investiga\u00e7\u00e3o s\u00e3o os anos compreendidos entre 2014 &#8211; 2015 &#8211; 2016&#8243;, afirmou a atual gest\u00e3o. <\/p>\n\n\n\n<p>A prefeituta ainda afirma em nota, que tem<br>contribu\u00eddo junto ao Minist\u00e9rio P\u00fablico sempre que \u00e9 solicitada de forma oficial, sobre alguma solicita\u00e7\u00e3o sobre tais contratos e processos de licita\u00e7\u00e3o. Diz ainda, que fazem uma gest\u00e3o com<br> transpar\u00eancia e dentro dos ditames da lei de responsabilidade fiscal. E que continuaram sempre a disposi\u00e7\u00e3o da justi\u00e7a para elucidar as supostas irregularidades.<\/p>\n\n\n\n<p>&#8220;Seguiremos serenos e tranquilos acerca das quest\u00f5es de justi\u00e7a pois, em tr\u00eas anos e dois meses de gest\u00e3o, jamais praticamos nenhum tipo de ilicitude que venha ser alvo de investiga\u00e7\u00e3o por parte do<br>Minist\u00e9rio P\u00fablico. A popula\u00e7\u00e3o de Amparo que nos honrou com seu voto, acreditem, seguiremos firmes no prop\u00f3sito de sempre ofertar o melhor para o nosso povo&#8221;. Afirmou a atual gest\u00e3o. <\/p>\n","protected":false},"excerpt":{"rendered":"<p>A prefeitura municipal de Amparo publicou uma nota de esclarecimento na noite deste domingo, 09, sobre uma not\u00edcia que se espalhou nas redes sociais. A&hellip; <\/p>\n","protected":false},"author":2,"featured_media":152502,"comment_status":"closed","ping_status":"closed","sticky":false,"template":"","format":"standard","meta":{"sfsi_plus_gutenberg_text_before_share":"","sfsi_plus_gutenberg_show_text_before_share":"","sfsi_plus_gutenberg_icon_type":"","sfsi_plus_gutenberg_icon_alignemt":"","sfsi_plus_gutenburg_max_per_row":"","footnotes":""},"categories":[6,50,11],"tags":[],"class_list":["post-152501","post","type-post","status-publish","format-standard","has-post-thumbnail","hentry","category-cidades","category-destaque","category-politica"],"_links":{"self":[{"href":"https:\/\/www.caririemacao.com\/1\/wp-json\/wp\/v2\/posts\/152501","targetHints":{"allow":["GET"]}}],"collection":[{"href":"https:\/\/www.caririemacao.com\/1\/wp-json\/wp\/v2\/posts"}],"about":[{"href":"https:\/\/www.caririemacao.com\/1\/wp-json\/wp\/v2\/types\/post"}],"author":[{"embeddable":true,"href":"https:\/\/www.caririemacao.com\/1\/wp-json\/wp\/v2\/users\/2"}],"replies":[{"embeddable":true,"href":"https:\/\/www.caririemacao.com\/1\/wp-json\/wp\/v2\/comments?post=152501"}],"version-history":[{"count":1,"href":"https:\/\/www.caririemacao.com\/1\/wp-json\/wp\/v2\/posts\/152501\/revisions"}],"predecessor-version":[{"id":152503,"href":"https:\/\/www.caririemacao.com\/1\/wp-json\/wp\/v2\/posts\/152501\/revisions\/152503"}],"wp:featuredmedia":[{"embeddable":true,"href":"https:\/\/www.caririemacao.com\/1\/wp-json\/wp\/v2\/media\/152502"}],"wp:attachment":[{"href":"https:\/\/www.caririemacao.com\/1\/wp-json\/wp\/v2\/media?parent=152501"}],"wp:term":[{"taxonomy":"category","embeddable":true,"href":"https:\/\/www.caririemacao.com\/1\/wp-json\/wp\/v2\/categories?post=152501"},{"taxonomy":"post_tag","embeddable":true,"href":"https:\/\/www.caririemacao.com\/1\/wp-json\/wp\/v2\/tags?post=152501"}],"curies":[{"name":"wp","href":"https:\/\/api.w.org\/{rel}","templated":true}]}}