{"id":152518,"date":"2020-02-10T07:17:20","date_gmt":"2020-02-10T10:17:20","guid":{"rendered":"http:\/\/www.caririemacao.com\/1\/?p=152518"},"modified":"2020-02-10T07:17:22","modified_gmt":"2020-02-10T10:17:22","slug":"so-queria-me-sentir-em-casa-de-novo-diz-brasileira-que-saiu-de-epicentro-do-novo-coronavirus","status":"publish","type":"post","link":"https:\/\/www.caririemacao.com\/1\/2020\/02\/10\/so-queria-me-sentir-em-casa-de-novo-diz-brasileira-que-saiu-de-epicentro-do-novo-coronavirus\/","title":{"rendered":"&#8216;S\u00f3 queria me sentir em casa de novo&#8217;, diz brasileira que saiu de epicentro do novo coronav\u00edrus"},"content":{"rendered":"\n<p>Era a pen\u00faltima semana de janeiro. Faltavam poucas horas para que a modelo Adrielly Egler, 18, pudesse deixar Wuhan, epicentro da epidemia do novo coronav\u00edrus na China, quando o aeroporto onde ela estava junto com uma amiga brasileira foi fechado. &#8220;Depois disso, tentamos sair at\u00e9 de carro. Mas fecharam tudo, de uma hora para outra&#8221;, relata.<\/p>\n\n\n\n<p>A partir da\u00ed, come\u00e7aram as dificuldades. No caminho de volta do aeroporto, as duas passaram em um mercado pequeno no bairro onde moravam. &#8220;Mas acabamos indo tarde, e s\u00f3 conseguimos comprar alguns pacotes de arroz.&#8221;<\/p>\n\n\n\n<p>Os dias seguintes foram de cautela. Ao longo de duas \u00faltimas semanas, ela diz ter deixado a casa onde morava apenas duas vezes para refor\u00e7ar o estoque de comida, e, ainda assim, somente com o uso de m\u00e1scara, luvas e \u00e1lcool gel a tiracolo. O motivo era o temor do novo coronav\u00edrus, quadro que levou a China a colocar toda a cidade de Wuhan em uma esp\u00e9cie de quarentena na tentativa de conter a transmiss\u00e3o.<\/p>\n\n\n\n<p>Neste domingo (9), Adrielly chegou a An\u00e1polis (GO) para uma nova etapa de quarentena, mas agora no seu pa\u00eds de origem.&nbsp;<\/p>\n\n\n\n<p>Paranaense, ela \u00e9 uma entre os 34 brasileiros que chegaram neste domingo na base a\u00e9rea da cidade goiana em meio \u00e0 opera\u00e7\u00e3o Regresso, cujo objetivo era repatriar brasileiros que estavam em Wuhan. A miss\u00e3o foi organizada ap\u00f3s o grupo gravar um v\u00eddeo em que pede apoio ao governo para sa\u00edda.<\/p>\n\n\n\n<p>Uma das primeiras a aparecer nas imagens, Adrielly agora descreve a sensa\u00e7\u00e3o da chegada como &#8220;al\u00edvio&#8221;. Assim que entrou no local de quarentena, a modelo encontrou seu nome na porta de um quarto com cama box, banheiro, TV, guarda-roupa, mesa para refei\u00e7\u00f5es e cartas de boas-vindas, al\u00e9m de uma cesta com frutas e outra com doces.<\/p>\n\n\n\n<p>Veja o que se sabe at\u00e9 agora sobre o novo coronav\u00edrus &#8220;Tamb\u00e9m chegamos e j\u00e1 havia um caf\u00e9 esperando por n\u00f3s&#8221;, relata. Em seguida, conta, uma equipe m\u00e9dica vestida com roupas imperme\u00e1veis, luvas e m\u00e1scaras passou em cada um dos quartos para coleta de amostras respirat\u00f3rias. O objetivo \u00e9 verificar se houve poss\u00edvel infec\u00e7\u00e3o pelo coronav\u00edrus.<\/p>\n\n\n\n<p>Segundo Adrielly, at\u00e9 o momento, ningu\u00e9m apresenta sintomas. &#8220;Todos est\u00e3o saud\u00e1veis e se cuidaram para evitar um cont\u00e1gio&#8221;, afirma.&nbsp;<\/p>\n\n\n\n<p>Ela relata que, no voo, o avi\u00e3o dividido em tr\u00eas \u00e1reas, chamadas de fria, morna e quente \u2013a \u00faltima indicava o local onde estavam os passageiros. O grupo tamb\u00e9m teve a temperatura testada e m\u00e1scaras, de uso obrigat\u00f3rio, trocadas a cada quatro horas. Todos tamb\u00e9m passaram por avalia\u00e7\u00e3o m\u00e9dica pr\u00e9via antes do embarque.<\/p>\n\n\n\n<p>A prepara\u00e7\u00e3o para a vinda, por\u00e9m, n\u00e3o foi t\u00e3o simples. Antes do embarque, deixou para tr\u00e1s a bagagem que havia levado para trabalhar por at\u00e9 dois anos em contratos como modelo \u2013o de Wuhan estava previsto para durar tr\u00eas meses. &#8220;Acredito que eu e minha amiga fomos as que mais sofremos nessa hora. Mas nada do que deixamos supera o fato de estarmos aqui agora, longe do v\u00edrus&#8221;, afirma.<\/p>\n\n\n\n<p>Para Adrielly, a sa\u00edda de Wuhan ocorreu no &#8220;momento exato&#8221; para evitar que a situa\u00e7\u00e3o ficasse ainda mais dif\u00edcil. O contrato do apartamento onde morava, por exemplo, encerrou na mesma semana do voo. Enquanto isso, a cidade continuava com fronteiras fechadas e com balan\u00e7os que apontavam para aumento de casos. &#8220;T\u00ednhamos medo de ficar l\u00e1 presas por tempo indeterminado.&#8221;<\/p>\n\n\n\n<p>Enquanto come\u00e7a a contagem da quarentena, ela faz planos sobre o que pretende fazer assim que deixar o local.<\/p>\n\n\n\n<p>&#8220;N\u00e3o sei se meu contrato como modelo ainda vai estar de p\u00e9, mas antes [de voltar a trabalhar] ainda pretendo ficar um pouco com minha fam\u00edlia. Falei com eles mais cedo e eles brincavam que, de tanto al\u00edvio, at\u00e9 a comida j\u00e1 estava com gosto diferente.&#8221;<\/p>\n","protected":false},"excerpt":{"rendered":"<p>Era a pen\u00faltima semana de janeiro. Faltavam poucas horas para que a modelo Adrielly Egler, 18, pudesse deixar Wuhan, epicentro da epidemia do novo coronav\u00edrus&hellip; <\/p>\n","protected":false},"author":1,"featured_media":152519,"comment_status":"closed","ping_status":"closed","sticky":false,"template":"","format":"standard","meta":{"sfsi_plus_gutenberg_text_before_share":"","sfsi_plus_gutenberg_show_text_before_share":"","sfsi_plus_gutenberg_icon_type":"","sfsi_plus_gutenberg_icon_alignemt":"","sfsi_plus_gutenburg_max_per_row":"","footnotes":""},"categories":[16],"tags":[],"class_list":["post-152518","post","type-post","status-publish","format-standard","has-post-thumbnail","hentry","category-saude"],"_links":{"self":[{"href":"https:\/\/www.caririemacao.com\/1\/wp-json\/wp\/v2\/posts\/152518","targetHints":{"allow":["GET"]}}],"collection":[{"href":"https:\/\/www.caririemacao.com\/1\/wp-json\/wp\/v2\/posts"}],"about":[{"href":"https:\/\/www.caririemacao.com\/1\/wp-json\/wp\/v2\/types\/post"}],"author":[{"embeddable":true,"href":"https:\/\/www.caririemacao.com\/1\/wp-json\/wp\/v2\/users\/1"}],"replies":[{"embeddable":true,"href":"https:\/\/www.caririemacao.com\/1\/wp-json\/wp\/v2\/comments?post=152518"}],"version-history":[{"count":1,"href":"https:\/\/www.caririemacao.com\/1\/wp-json\/wp\/v2\/posts\/152518\/revisions"}],"predecessor-version":[{"id":152520,"href":"https:\/\/www.caririemacao.com\/1\/wp-json\/wp\/v2\/posts\/152518\/revisions\/152520"}],"wp:featuredmedia":[{"embeddable":true,"href":"https:\/\/www.caririemacao.com\/1\/wp-json\/wp\/v2\/media\/152519"}],"wp:attachment":[{"href":"https:\/\/www.caririemacao.com\/1\/wp-json\/wp\/v2\/media?parent=152518"}],"wp:term":[{"taxonomy":"category","embeddable":true,"href":"https:\/\/www.caririemacao.com\/1\/wp-json\/wp\/v2\/categories?post=152518"},{"taxonomy":"post_tag","embeddable":true,"href":"https:\/\/www.caririemacao.com\/1\/wp-json\/wp\/v2\/tags?post=152518"}],"curies":[{"name":"wp","href":"https:\/\/api.w.org\/{rel}","templated":true}]}}