{"id":152525,"date":"2020-02-10T07:21:30","date_gmt":"2020-02-10T10:21:30","guid":{"rendered":"http:\/\/www.caririemacao.com\/1\/?p=152525"},"modified":"2020-02-10T07:31:46","modified_gmt":"2020-02-10T10:31:46","slug":"quem-tem-direito-a-isencao-para-comprar-carro","status":"publish","type":"post","link":"https:\/\/www.caririemacao.com\/1\/2020\/02\/10\/quem-tem-direito-a-isencao-para-comprar-carro\/","title":{"rendered":"Quem tem direito a isen\u00e7\u00e3o para comprar carro?"},"content":{"rendered":"\n<p> Autistas e pessoas com defici\u00eancia f\u00edsica, visual e mental \u2013 severa ou profunda \u2013 t\u00eam direito, por lei, a isen\u00e7\u00e3o de impostos na compra de ve\u00edculos automotores. O benef\u00edcio tamb\u00e9m \u00e9 v\u00e1lido para os respons\u00e1veis pelas pessoas que se encaixam nessa classifica\u00e7\u00e3o.&nbsp;O desconto s\u00f3 \u00e9 v\u00e1lido para a compra de ve\u00edculos novos.<\/p>\n\n\n\n<p>Os tributos que deixar\u00e3o de ser cobrados s\u00e3o: o Imposto sobre Produtos Industrializados (IPI), o Imposto sobre Opera\u00e7\u00f5es de Cr\u00e9dito (IOF), o Imposto sobre Opera\u00e7\u00f5es relativas \u00e0 Circula\u00e7\u00e3o de Mercadorias e sobre Presta\u00e7\u00f5es de Servi\u00e7os de Transporte Interestadual e Intermunicipal e de Comunica\u00e7\u00e3o (ICMS), e o Imposto sobre Propriedades de Ve\u00edculos Automotores (IPVA).<\/p>\n\n\n\n<p>A isen\u00e7\u00e3o do IPVA e do ICMS s\u00f3 ocorrer\u00e1 na compra de ve\u00edculos que custem at\u00e9 R$ 70 mil. Acima desse valor, apenas os tributos federais, IPI e o IOF, n\u00e3o ser\u00e3o cobrados. No caso desse \u00faltimo (IOF), a isen\u00e7\u00e3o n\u00e3o \u00e9 v\u00e1lida para as pessoas com defici\u00eancia visual, mental ou autistas \u2013 que por essa raz\u00e3o n\u00e3o est\u00e3o aptas a dirigir \u2013 por falta de previs\u00e3o legal.<\/p>\n\n\n\n<p>Para dar entrada no processo de solicita\u00e7\u00e3o da isen\u00e7\u00e3o \u00e9 necess\u00e1rio seguir os seguintes passos:<\/p>\n\n\n\n<p><strong>1\u00ba passo<\/strong>&nbsp;\u2013 providenciar Carteira Nacional de Habilita\u00e7\u00e3o especial<\/p>\n\n\n\n<p>A pessoa com defici\u00eancia dever\u00e1, inicialmente, solicitar a carteira de habilita\u00e7\u00e3o de portadores de defici\u00eancia (CNH Especial). Para obter esse documento, o caminho \u00e9 procurar o Detran do estado em que o interessado reside. No entanto, se a compra do ve\u00edculo for feita por um respons\u00e1vel pela pessoa com defici\u00eancia, a altera\u00e7\u00e3o na CNH n\u00e3o ser\u00e1 necess\u00e1ria.<\/p>\n\n\n\n<p><strong>2\u00ba passo<\/strong>&nbsp;\u2013 solicitar isen\u00e7\u00e3o de impostos federais (IOF e IPI)<\/p>\n\n\n\n<p>A solicita\u00e7\u00e3o da isen\u00e7\u00e3o dos impostos federais \u00e9 feita exclusivamente pelo Sistema de Controle de Isen\u00e7\u00e3o de IPI\/IOF (Sisen),&nbsp;<a href=\"https:\/\/www.sisen.receita.fazenda.gov.br\/\" target=\"_blank\" rel=\"noreferrer noopener\">dispon\u00edvel na p\u00e1gina<\/a>&nbsp;da Receita Federal na internet. A lista de defici\u00eancias englobadas pelo benef\u00edcio podem ser encontradas&nbsp;<a href=\"http:\/\/receita.economia.gov.br\/orientacao\/tributaria\/isencoes\/ipi-iof-pessoas-fisicas\" target=\"_blank\" rel=\"noreferrer noopener\">aqui<\/a>.<\/p>\n\n\n\n<p>Para a concess\u00e3o da isen\u00e7\u00e3o, ser\u00e3o exigidos um laudo de avalia\u00e7\u00e3o emitido por prestador de servi\u00e7o p\u00fablico de sa\u00fade (ou por servi\u00e7o privado de sa\u00fade, contratado ou conveniado, que integre o Sistema \u00danico de Sa\u00fade), pelo Detran ou por suas cl\u00ednicas credenciadas, ou por interm\u00e9dio de servi\u00e7o social aut\u00f4nomo, sem fins lucrativos, criado por lei, caso n\u00e3o tenha sido emitido laudo de avalia\u00e7\u00e3o eletr\u00f4nico; e certid\u00e3o de nascimento atualizada do benefici\u00e1rio, na qual esteja identificado o seu respons\u00e1vel legal, no caso de requerimento transmitido por tutor ou curador.<\/p>\n\n\n\n<p><strong>3\u00ba passo:<\/strong>&nbsp;solicita\u00e7\u00e3o de isen\u00e7\u00e3o de IPVA e ICMS<\/p>\n\n\n\n<p>Para ter o abatimento dos tributos estaduais IPVA e ICMS, o interessado dever\u00e1 procurar a secretaria de Fazenda do estado em que reside ou unidade do Detran. No estado de S\u00e3o Paulo, o pedido de isen\u00e7\u00e3o pode ser feito eletronicamente por meio do&nbsp;<a href=\"https:\/\/www3.fazenda.sp.gov.br\/SIVEI\" target=\"_blank\" rel=\"noreferrer noopener\"><em>site<\/em>&nbsp;da Secretaria de Fazenda<\/a>.<\/p>\n\n\n\n<p><strong>Pre\u00e7os<\/strong><\/p>\n\n\n\n<p>Os descontos no valor dos carros varia de montadora para montadora. Algumas marcas, al\u00e9m do abatimento dos impostos, concedem descontos para pessoas com defici\u00eancia. Por exemplo, o&nbsp;Chevrolet Cobalt 1.8 tem pre\u00e7o de tabela R$ 69.990. Para as pessoas com defici\u00eancia, ele sai R$ 48.439. J\u00e1 o&nbsp;Jeep Renegade Longitude a diesel tem pre\u00e7o de tabela R$ 137.290. Para pessoas com defici\u00eancia, sai a R$ 103.242.<\/p>\n\n\n\n<p>Ag\u00eancia Brasil <\/p>\n","protected":false},"excerpt":{"rendered":"<p>Autistas e pessoas com defici\u00eancia f\u00edsica, visual e mental \u2013 severa ou profunda \u2013 t\u00eam direito, por lei, a isen\u00e7\u00e3o de impostos na compra de&hellip; <\/p>\n","protected":false},"author":1,"featured_media":136797,"comment_status":"closed","ping_status":"closed","sticky":false,"template":"","format":"standard","meta":{"sfsi_plus_gutenberg_text_before_share":"","sfsi_plus_gutenberg_show_text_before_share":"","sfsi_plus_gutenberg_icon_type":"","sfsi_plus_gutenberg_icon_alignemt":"","sfsi_plus_gutenburg_max_per_row":"","footnotes":""},"categories":[2],"tags":[],"class_list":["post-152525","post","type-post","status-publish","format-standard","has-post-thumbnail","hentry","category-geral"],"_links":{"self":[{"href":"https:\/\/www.caririemacao.com\/1\/wp-json\/wp\/v2\/posts\/152525","targetHints":{"allow":["GET"]}}],"collection":[{"href":"https:\/\/www.caririemacao.com\/1\/wp-json\/wp\/v2\/posts"}],"about":[{"href":"https:\/\/www.caririemacao.com\/1\/wp-json\/wp\/v2\/types\/post"}],"author":[{"embeddable":true,"href":"https:\/\/www.caririemacao.com\/1\/wp-json\/wp\/v2\/users\/1"}],"replies":[{"embeddable":true,"href":"https:\/\/www.caririemacao.com\/1\/wp-json\/wp\/v2\/comments?post=152525"}],"version-history":[{"count":3,"href":"https:\/\/www.caririemacao.com\/1\/wp-json\/wp\/v2\/posts\/152525\/revisions"}],"predecessor-version":[{"id":152536,"href":"https:\/\/www.caririemacao.com\/1\/wp-json\/wp\/v2\/posts\/152525\/revisions\/152536"}],"wp:featuredmedia":[{"embeddable":true,"href":"https:\/\/www.caririemacao.com\/1\/wp-json\/wp\/v2\/media\/136797"}],"wp:attachment":[{"href":"https:\/\/www.caririemacao.com\/1\/wp-json\/wp\/v2\/media?parent=152525"}],"wp:term":[{"taxonomy":"category","embeddable":true,"href":"https:\/\/www.caririemacao.com\/1\/wp-json\/wp\/v2\/categories?post=152525"},{"taxonomy":"post_tag","embeddable":true,"href":"https:\/\/www.caririemacao.com\/1\/wp-json\/wp\/v2\/tags?post=152525"}],"curies":[{"name":"wp","href":"https:\/\/api.w.org\/{rel}","templated":true}]}}