{"id":152550,"date":"2020-02-10T07:43:19","date_gmt":"2020-02-10T10:43:19","guid":{"rendered":"http:\/\/www.caririemacao.com\/1\/?p=152550"},"modified":"2020-02-10T07:43:21","modified_gmt":"2020-02-10T10:43:21","slug":"veja-dicas-sobre-como-realizar-compra-segura-de-produtos-carnavalescos","status":"publish","type":"post","link":"https:\/\/www.caririemacao.com\/1\/2020\/02\/10\/veja-dicas-sobre-como-realizar-compra-segura-de-produtos-carnavalescos\/","title":{"rendered":"Veja dicas sobre como realizar compra segura de produtos carnavalescos"},"content":{"rendered":"\n<p> A Secretaria Municipal de Prote\u00e7\u00e3o e Defesa do Consumidor (Procon-JP) orienta o consumidor para a compra segura de fantasias e adere\u00e7os. Quem vai brincar as pr\u00e9vias carnavalescas de Jo\u00e3o Pessoa (que come\u00e7am no pr\u00f3ximo dia 13) e aproveitar a festa em clubes e blocos durante os dias de Momo deve tomar alguns cuidados ao comprar os artigos carnavalescos e os produtos t\u00edpicos da \u00e9poca.<\/p>\n\n\n\n<p>O primeiro conselho \u00e9 n\u00e3o deixar as compras para a \u00faltima hora porque, na correria, fica mais dif\u00edcil de perceber algum v\u00edcio (defeito), al\u00e9m de verificar a qualidade do produto.<\/p>\n\n\n\n<p>O secret\u00e1rio Helton Ren\u00ea chama a aten\u00e7\u00e3o do consumidor para ficar atento para v\u00e1rias situa\u00e7\u00f5es porque, usando a criatividade, os artigos carnavalescos poder\u00e3o ser reutilizados em outras comemora\u00e7\u00f5es e n\u00e3o apenas nas festas de Momo.<\/p>\n\n\n\n<p>\u201cAs pessoas geralmente veem esses produtos como se fossem descart\u00e1veis, o que n\u00e3o \u00e9 caso, porque podem ser usados depois, em uma festa \u00e0 fantasia, por exemplo. Dependendo da qualidade da pe\u00e7a, ela pode ser reaproveitada para o ano seguinte ou mesmo em outras situa\u00e7\u00f5es festivas. Por isso, verificar as condi\u00e7\u00f5es antes da compra \u00e9 imprescind\u00edvel\u201d.<\/p>\n\n\n\n<p><strong>Troca<\/strong>&nbsp;\u2013 Uma outra dica se refere \u00e0 troca em lojas f\u00edsicas sob a luz da legisla\u00e7\u00e3o consumerista.<\/p>\n\n\n\n<p>\u201c\u00c9 importante que o consumidor verifique com a loja qual sua pol\u00edtica de troca porque, se a pe\u00e7a n\u00e3o tiver defeito, o estabelecimento n\u00e3o tem obriga\u00e7\u00e3o de realizar a troca devido \u00e0 cor, tamanho, modelo, etc. Tamb\u00e9m \u00e9 importante guardar a nota fiscal, caso precise comprovar algum v\u00edcio em rela\u00e7\u00e3o ao produto adquirido\u201d, explicou Helton Ren\u00ea.<\/p>\n\n\n\n<p><strong>Promo\u00e7\u00f5es<\/strong>&nbsp;\u2013 Como todo o com\u00e9rcio est\u00e1 realizando promo\u00e7\u00f5es nesta \u00e9poca do ano, o foli\u00e3o deve ficar alerta para verificar se h\u00e1 realmente redu\u00e7\u00e3o no pre\u00e7o do produto que deseja adquirir, ou se o valor n\u00e3o est\u00e1 \u2018maquiado\u2019.<\/p>\n\n\n\n<p>\u201cAlgumas vezes, o comerciante aumenta o pre\u00e7o semanas antes da promo\u00e7\u00e3o e depois o reduz, anunciando como promo\u00e7\u00e3o. Se isso for constatado, aconselho a procurar um \u00f3rg\u00e3o de defesa do consumidor para proceder a um alerta\u201d, alerta o titular do Procon-JP.<\/p>\n\n\n\n<figure class=\"wp-block-image\"><img decoding=\"async\" data-src=\"https:\/\/paraibaonline.com.br\/wp-content\/uploads\/2020\/02\/produtos-carnavalescos-556x417.jpg\" alt=\"Foto: reprodu\u00e7\u00e3o\" class=\"wp-image-836200 lazyload\" src=\"data:image\/svg+xml;base64,PHN2ZyB3aWR0aD0iMSIgaGVpZ2h0PSIxIiB4bWxucz0iaHR0cDovL3d3dy53My5vcmcvMjAwMC9zdmciPjwvc3ZnPg==\" style=\"--smush-placeholder-width: 556px; --smush-placeholder-aspect-ratio: 556\/417;\" \/><\/figure>\n\n\n\n<p>Foto: reprodu\u00e7\u00e3o<\/p>\n\n\n\n<p><strong>Internet<\/strong>&nbsp;\u2013 Os mesmos conselhos servem para as compras realizadas atrav\u00e9s do site de compras, lembrando que, em caso de desist\u00eancia, o consumidor tem sete dias, a contar da data do recebimento, para notificar o site. Isso \u00e9 o chamado \u2018direito de arrependimento\u2019.<\/p>\n\n\n\n<p>A empresa virtual tamb\u00e9m tem a obriga\u00e7\u00e3o de devolver o valor pago, corrigido monetariamente, na data em que for feita a solicita\u00e7\u00e3o, caso o cliente n\u00e3o queira trocar um artigo por outro.<\/p>\n\n\n\n<p><strong>Seguran\u00e7a<\/strong>&nbsp;\u2013 Outra dica \u00e9 quanto a verificar a proced\u00eancia do site, a credibilidade e se tem CNPJ e endere\u00e7o. \u201cO consumidor deve ficar atento, ainda, aos prazos de entrega e pre\u00e7o do frete. Ele tamb\u00e9m pode consultar a lista das empresas virtuais n\u00e3o confi\u00e1veis em nosso site&nbsp;<a href=\"http:\/\/proconjp.pb.gov.br\/\" target=\"_blank\" rel=\"noreferrer noopener\">proconjp.pb.gov.br<\/a>\u201d, informou Helton Ren\u00ea.<\/p>\n\n\n\n<p><strong>Atendimentos do Procon-JP na Capital<\/strong><\/p>\n\n\n\n<p><strong>Sede&nbsp;<\/strong>\u2013 segunda a sexta-feira: 8h \u00e0s 14h na sede situada na Avenida D. Pedro I, n\u00ba 473, Tambi\u00e1<\/p>\n\n\n\n<p><strong>MP-Procon \u2013&nbsp;<\/strong>segunda a sexta-feira: 8h \u00e0s 17h na sede situada no Parque Solon de Lucena, Lagoa, n\u00ba 300, Centro<\/p>\n\n\n\n<p><strong>Uninassau<\/strong>: segunda a sexta-feira das 8h \u00e0s 17h, no N\u00facleo de Pr\u00e1ticas Jur\u00eddicas da Faculdade Uninassau, na av. Amazonas, 173, Bairro dos Estados<\/p>\n\n\n\n<p><strong>Telefones<\/strong>: 3214-3040, 3214-3042, 3214-3046, 2107-5925 (Uninassau) e 0800 083 20150<\/p>\n","protected":false},"excerpt":{"rendered":"<p>A Secretaria Municipal de Prote\u00e7\u00e3o e Defesa do Consumidor (Procon-JP) orienta o consumidor para a compra segura de fantasias e adere\u00e7os. Quem vai brincar as&hellip; <\/p>\n","protected":false},"author":1,"featured_media":152551,"comment_status":"closed","ping_status":"closed","sticky":false,"template":"","format":"standard","meta":{"sfsi_plus_gutenberg_text_before_share":"","sfsi_plus_gutenberg_show_text_before_share":"","sfsi_plus_gutenberg_icon_type":"","sfsi_plus_gutenberg_icon_alignemt":"","sfsi_plus_gutenburg_max_per_row":"","footnotes":""},"categories":[2],"tags":[],"class_list":["post-152550","post","type-post","status-publish","format-standard","has-post-thumbnail","hentry","category-geral"],"_links":{"self":[{"href":"https:\/\/www.caririemacao.com\/1\/wp-json\/wp\/v2\/posts\/152550","targetHints":{"allow":["GET"]}}],"collection":[{"href":"https:\/\/www.caririemacao.com\/1\/wp-json\/wp\/v2\/posts"}],"about":[{"href":"https:\/\/www.caririemacao.com\/1\/wp-json\/wp\/v2\/types\/post"}],"author":[{"embeddable":true,"href":"https:\/\/www.caririemacao.com\/1\/wp-json\/wp\/v2\/users\/1"}],"replies":[{"embeddable":true,"href":"https:\/\/www.caririemacao.com\/1\/wp-json\/wp\/v2\/comments?post=152550"}],"version-history":[{"count":1,"href":"https:\/\/www.caririemacao.com\/1\/wp-json\/wp\/v2\/posts\/152550\/revisions"}],"predecessor-version":[{"id":152552,"href":"https:\/\/www.caririemacao.com\/1\/wp-json\/wp\/v2\/posts\/152550\/revisions\/152552"}],"wp:featuredmedia":[{"embeddable":true,"href":"https:\/\/www.caririemacao.com\/1\/wp-json\/wp\/v2\/media\/152551"}],"wp:attachment":[{"href":"https:\/\/www.caririemacao.com\/1\/wp-json\/wp\/v2\/media?parent=152550"}],"wp:term":[{"taxonomy":"category","embeddable":true,"href":"https:\/\/www.caririemacao.com\/1\/wp-json\/wp\/v2\/categories?post=152550"},{"taxonomy":"post_tag","embeddable":true,"href":"https:\/\/www.caririemacao.com\/1\/wp-json\/wp\/v2\/tags?post=152550"}],"curies":[{"name":"wp","href":"https:\/\/api.w.org\/{rel}","templated":true}]}}