{"id":152558,"date":"2020-02-10T07:48:02","date_gmt":"2020-02-10T10:48:02","guid":{"rendered":"http:\/\/www.caririemacao.com\/1\/?p=152558"},"modified":"2020-02-10T07:48:04","modified_gmt":"2020-02-10T10:48:04","slug":"na-volta-ao-pv-treze-se-reabilita-com-vitoria-sobre-o-nacional-p","status":"publish","type":"post","link":"https:\/\/www.caririemacao.com\/1\/2020\/02\/10\/na-volta-ao-pv-treze-se-reabilita-com-vitoria-sobre-o-nacional-p\/","title":{"rendered":"Na volta ao PV, Treze se reabilita com vit\u00f3ria sobre o Nacional-P"},"content":{"rendered":"\n<p>Em seu retorno ao Est\u00e1dio Presidente Vargas, o Treze n\u00e3o decepcionou sua torcida. Dono das a\u00e7\u00f5es, o Alvinegro venceu o Nacional de Patos por 2 a 0, neste domingo, pela quarta rodada.<\/p>\n\n\n\n<p>Apesar do dom\u00ednio alvinegro, os gols s\u00f3 sa\u00edram no segundo tempo, com Almir, aos dois minutos, e Gilmar, aos 30. Com o resultado reabilitador, j\u00e1 que o time vinha de derrota para o Sousa, o Treze assumiu a segunda coloca\u00e7\u00e3o no Grupo A, com 9 pontos.<\/p>\n\n\n\n<p>J\u00e1 o Nacional segue em terceiro no Grupo B, com tr\u00eas pontos. Na pr\u00f3xima rodada, o Galo vai encarar o rival Campinense, domingo, no Amig\u00e3o. Por sua vez, o Can\u00e1rio pega a Perilima, na segunda-feira (17), em Patos.<\/p>\n\n\n\n<p>Bastante desorganizado e pouco produtivo no primeiro tempo, quando apenas mandou uma bola na trave em uma cabe\u00e7ada depois de cobran\u00e7a de escanteio de Gustavo, aos 16 minutos, ap\u00f3s o intervalo o alvinegro voltou para resolver o jogo.<\/p>\n\n\n\n<p>Logo no primeiro minuto, Gilmar apareceu na esquerda para tocar para Almir. O meio-campista chutou, a bola desviou no montinho artilheiro e bateu Diego para abrir o placar no PV.<\/p>\n\n\n\n<p>Aos 30, o segundo veio em uma invers\u00e3o de pap\u00e9is. Rafael Oliveira bateu cruzado, de p\u00e9 direito, o goleiro do Na\u00e7a espalmou e o lateral-esquerdo Gilmar mostrou oportunismo para completar para o gol e fechar o marcador.<\/p>\n\n\n\n<p><strong>Ficha T\u00e9cnica<\/strong><\/p>\n\n\n\n<p>Treze<br>Jeferson, Gustavo, Breno Calixto, Nilson J\u00fanior e Gilmar; Robson, J\u00fanior Fialho (Ded\u00e9), Vin\u00edcius Barba e Almir (Tales); Rafael Oliveira e Caxito (Mirandinha). T\u00e9cnico: Celso Teixeira<br>Nacional<br>Diego, Glaubinho (Peu), Yuri Silva, Alan Pires e Ailton J\u00fanior; Sidney (Du), Leomir, Raniel e J\u00fanior Mandacaru; Yuri Martins e Carioca (Ciel). T\u00e9cnico: S\u00e9rgio China<\/p>\n\n\n\n<p>Gols \u2013 Almir, aos 2min do 2\u00baT, Gilmar, aos 30min do 2\u00baT<br>Cart\u00e3o amarelo \u2013 Du, Raniel (N), Gustavo, Vin\u00edcius Barba (T)<br>\u00c1rbitro \u2013 Afro Rocha<br>Assistentes \u2013 Schumacher Marques e Herioberto Henrique<\/p>\n\n\n\n<p>Para\u00edba Online <\/p>\n","protected":false},"excerpt":{"rendered":"<p>Em seu retorno ao Est\u00e1dio Presidente Vargas, o Treze n\u00e3o decepcionou sua torcida. Dono das a\u00e7\u00f5es, o Alvinegro venceu o Nacional de Patos por 2&hellip; <\/p>\n","protected":false},"author":1,"featured_media":87076,"comment_status":"closed","ping_status":"closed","sticky":false,"template":"","format":"standard","meta":{"sfsi_plus_gutenberg_text_before_share":"","sfsi_plus_gutenberg_show_text_before_share":"","sfsi_plus_gutenberg_icon_type":"","sfsi_plus_gutenberg_icon_alignemt":"","sfsi_plus_gutenburg_max_per_row":"","footnotes":""},"categories":[2],"tags":[],"class_list":["post-152558","post","type-post","status-publish","format-standard","has-post-thumbnail","hentry","category-geral"],"_links":{"self":[{"href":"https:\/\/www.caririemacao.com\/1\/wp-json\/wp\/v2\/posts\/152558","targetHints":{"allow":["GET"]}}],"collection":[{"href":"https:\/\/www.caririemacao.com\/1\/wp-json\/wp\/v2\/posts"}],"about":[{"href":"https:\/\/www.caririemacao.com\/1\/wp-json\/wp\/v2\/types\/post"}],"author":[{"embeddable":true,"href":"https:\/\/www.caririemacao.com\/1\/wp-json\/wp\/v2\/users\/1"}],"replies":[{"embeddable":true,"href":"https:\/\/www.caririemacao.com\/1\/wp-json\/wp\/v2\/comments?post=152558"}],"version-history":[{"count":1,"href":"https:\/\/www.caririemacao.com\/1\/wp-json\/wp\/v2\/posts\/152558\/revisions"}],"predecessor-version":[{"id":152559,"href":"https:\/\/www.caririemacao.com\/1\/wp-json\/wp\/v2\/posts\/152558\/revisions\/152559"}],"wp:featuredmedia":[{"embeddable":true,"href":"https:\/\/www.caririemacao.com\/1\/wp-json\/wp\/v2\/media\/87076"}],"wp:attachment":[{"href":"https:\/\/www.caririemacao.com\/1\/wp-json\/wp\/v2\/media?parent=152558"}],"wp:term":[{"taxonomy":"category","embeddable":true,"href":"https:\/\/www.caririemacao.com\/1\/wp-json\/wp\/v2\/categories?post=152558"},{"taxonomy":"post_tag","embeddable":true,"href":"https:\/\/www.caririemacao.com\/1\/wp-json\/wp\/v2\/tags?post=152558"}],"curies":[{"name":"wp","href":"https:\/\/api.w.org\/{rel}","templated":true}]}}