{"id":152561,"date":"2020-02-10T08:26:15","date_gmt":"2020-02-10T11:26:15","guid":{"rendered":"http:\/\/www.caririemacao.com\/1\/?p=152561"},"modified":"2020-02-10T08:26:17","modified_gmt":"2020-02-10T11:26:17","slug":"cidade-no-interior-do-cariri-paraibano-se-destacando-formando-jovens-em-profissionais-medicos","status":"publish","type":"post","link":"https:\/\/www.caririemacao.com\/1\/2020\/02\/10\/cidade-no-interior-do-cariri-paraibano-se-destacando-formando-jovens-em-profissionais-medicos\/","title":{"rendered":"Cidade no interior do cariri paraibano se destacando formando jovens em profissionais m\u00e9dicos"},"content":{"rendered":"\n<figure class=\"wp-block-image\"><img decoding=\"async\" data-src=\"https:\/\/1.bp.blogspot.com\/-7AnmG7U6C20\/XkCmGvZcK6I\/AAAAAAABVPI\/9RMWS0bdY8kzWih3_mxhMT-y86gMMyr9QCLcBGAsYHQ\/s1600\/cidade-no-interior-do-sertao-paraibano-se-destacando-formando-jovens-em-profissionais-medicos-681x347.png\" alt=\"\" src=\"data:image\/svg+xml;base64,PHN2ZyB3aWR0aD0iMSIgaGVpZ2h0PSIxIiB4bWxucz0iaHR0cDovL3d3dy53My5vcmcvMjAwMC9zdmciPjwvc3ZnPg==\" class=\"lazyload\" style=\"--smush-placeholder-width: 681px; --smush-placeholder-aspect-ratio: 681\/347;\" \/><\/figure>\n\n\n\n<h1 class=\"wp-block-heading\">Cidade no interior do cariri paraibano se destacando formando jovens em profissionais m\u00e9dicos<\/h1>\n\n\n\n<p>Publicado por&nbsp;<a href=\"https:\/\/www.blogger.com\/profile\/09286369215917447582\"><strong>andre<\/strong><\/a><a href=\"http:\/\/www.portalcariripb.com\/2020\/02\/cidade-no-interior-do-sertao-paraibano.html\"><abbr title=\"16:42\">11 HORAS ATR\u00c1S<\/abbr><\/a>&nbsp;1 MINUTEREADDiferenciando-se do panorama detalhado da educa\u00e7\u00e3o no Brasil, examinando a atividade do&nbsp;atual&nbsp;Poder P\u00fablico em rela\u00e7\u00e3o ao que&nbsp;se&nbsp;diz respeito a educa\u00e7\u00e3o, Prata uma cidade no interior do sert\u00e3o paraibano vem se destacando pelo incentivo determinante a&nbsp;educa\u00e7\u00e3o e forma\u00e7\u00e3o de jovens profissionais m\u00e9dicos que atuar\u00e3o e diversas \u00e1reas.<br><\/p>\n\n\n\n<figure class=\"wp-block-image\"><a href=\"https:\/\/1.bp.blogspot.com\/-DQXQToIL0i4\/XkCm0hs8R5I\/AAAAAAABVPQ\/eJ4NXv3lN-IAoL36_bNootYPc3cmyHLsgCLcBGAsYHQ\/s1600\/IMG-20200208-WA0132.jpg\"><img decoding=\"async\" data-src=\"https:\/\/1.bp.blogspot.com\/-DQXQToIL0i4\/XkCm0hs8R5I\/AAAAAAABVPQ\/eJ4NXv3lN-IAoL36_bNootYPc3cmyHLsgCLcBGAsYHQ\/s320\/IMG-20200208-WA0132.jpg\" alt=\"\" src=\"data:image\/svg+xml;base64,PHN2ZyB3aWR0aD0iMSIgaGVpZ2h0PSIxIiB4bWxucz0iaHR0cDovL3d3dy53My5vcmcvMjAwMC9zdmciPjwvc3ZnPg==\" class=\"lazyload\" \/><\/a><\/figure>\n\n\n\n<p>O Programa Mais M\u00e9dicos\u00a0Para a Prata, foi criado\u00a0no\u00a0munic\u00edpio da Prata-PB, na\u00a0administra\u00e7\u00e3o\u00a0do Prefeito J\u00fanior N\u00f3brega, onde jovens estudantes do munic\u00edpio tem a oportunidade de cursar\u00a0medicina\u00a0em universidades\u00a0no Paraguai.\u00a0Com\u00a0uma vis\u00e3o grandiosa\u00a0o\u00a0programa al\u00e9m da\u00a0realiza\u00e7\u00e3o\u00a0do\u00a0sonho\u00a0dos estudantes,\u00a0visa tamb\u00e9m melhorar ainda mais a qualidade da sa\u00fade p\u00fablica no munic\u00edpio.A Secretaria Municipal de Sa\u00fade realizou\u00a0mais uma\u00a0sele\u00e7\u00e3o de\u00a0estudantes para o Programa Mais M\u00e9dico\u00a0Para a Prata.\u00a0Onde mais cinco\u00a0jovens\u00a0estudantes foram selecionados para\u00a0cursar\u00a0medicina no Paraguai, o crit\u00e9rio da sele\u00e7\u00e3o foi a aplica\u00e7\u00e3o de uma prova, onde v\u00e1rios jovens do munic\u00edpio, se escreveram e cinco foram aprovados, conforme a\u00a0pontua\u00e7\u00e3o obtida por\u00a0cada um.Neste s\u00e1bado (08) a Prefeitura ofereceu jantar\u00a0comemorativo aos\u00a0estudantes, familiares e amigos,\u00a0em\u00a0confraterniza\u00e7\u00e3o\u00a0v\u00e1rias autoridades a exemplo do Prefeito J\u00fanior N\u00f3brega, o vice-prefeito Jucir, a Secret\u00e1ria de Sa\u00fade Maria Aparecida, secret\u00e1rios, vereadores e convidados\u00a0se fizeram presentes na cerim\u00f4nia.Al\u00e9m do kit\u00a0ofertado\u00a0contendo camisa da faculdade, jaleco e maleta do m\u00e9dico, o munic\u00edpio custear\u00e1 todas as despesas, como, mensalidade, alimenta\u00e7\u00e3o, aluguel de\u00a0im\u00f3vel, em contrapartida como forma de ressarcimento ao munic\u00edpio, o aluno ora formado, prestar\u00e1 servi\u00e7o de atendimento durante 60 meses e carga hor\u00e1ria de 20 horas semanais.No ano de 2019 ingressaram no Programa quatro jovens totalizando hoje nove futuros \u201cJovens M\u00e9dicos\u201d.Estudantes selecionados em 2020.Rubens PereiraVit\u00f3ria Guimar\u00e3esIone ValerianaJo\u00e3o C\u00e9sarJ\u00e9ssica Salvador.Com cariri di\u00e1rio\u00a0<\/p>\n\n\n\n<p>Portal cariri Paraibano <\/p>\n","protected":false},"excerpt":{"rendered":"<p>Cidade no interior do cariri paraibano se destacando formando jovens em profissionais m\u00e9dicos Publicado por&nbsp;andre11 HORAS ATR\u00c1S&nbsp;1 MINUTEREADDiferenciando-se do panorama detalhado da educa\u00e7\u00e3o no Brasil,&hellip; <\/p>\n","protected":false},"author":1,"featured_media":152564,"comment_status":"closed","ping_status":"closed","sticky":false,"template":"","format":"standard","meta":{"sfsi_plus_gutenberg_text_before_share":"","sfsi_plus_gutenberg_show_text_before_share":"","sfsi_plus_gutenberg_icon_type":"","sfsi_plus_gutenberg_icon_alignemt":"","sfsi_plus_gutenburg_max_per_row":"","footnotes":""},"categories":[2],"tags":[],"class_list":["post-152561","post","type-post","status-publish","format-standard","has-post-thumbnail","hentry","category-geral"],"_links":{"self":[{"href":"https:\/\/www.caririemacao.com\/1\/wp-json\/wp\/v2\/posts\/152561","targetHints":{"allow":["GET"]}}],"collection":[{"href":"https:\/\/www.caririemacao.com\/1\/wp-json\/wp\/v2\/posts"}],"about":[{"href":"https:\/\/www.caririemacao.com\/1\/wp-json\/wp\/v2\/types\/post"}],"author":[{"embeddable":true,"href":"https:\/\/www.caririemacao.com\/1\/wp-json\/wp\/v2\/users\/1"}],"replies":[{"embeddable":true,"href":"https:\/\/www.caririemacao.com\/1\/wp-json\/wp\/v2\/comments?post=152561"}],"version-history":[{"count":1,"href":"https:\/\/www.caririemacao.com\/1\/wp-json\/wp\/v2\/posts\/152561\/revisions"}],"predecessor-version":[{"id":152565,"href":"https:\/\/www.caririemacao.com\/1\/wp-json\/wp\/v2\/posts\/152561\/revisions\/152565"}],"wp:featuredmedia":[{"embeddable":true,"href":"https:\/\/www.caririemacao.com\/1\/wp-json\/wp\/v2\/media\/152564"}],"wp:attachment":[{"href":"https:\/\/www.caririemacao.com\/1\/wp-json\/wp\/v2\/media?parent=152561"}],"wp:term":[{"taxonomy":"category","embeddable":true,"href":"https:\/\/www.caririemacao.com\/1\/wp-json\/wp\/v2\/categories?post=152561"},{"taxonomy":"post_tag","embeddable":true,"href":"https:\/\/www.caririemacao.com\/1\/wp-json\/wp\/v2\/tags?post=152561"}],"curies":[{"name":"wp","href":"https:\/\/api.w.org\/{rel}","templated":true}]}}