{"id":152567,"date":"2020-02-10T08:29:00","date_gmt":"2020-02-10T11:29:00","guid":{"rendered":"http:\/\/www.caririemacao.com\/1\/?p=152567"},"modified":"2020-02-10T08:29:02","modified_gmt":"2020-02-10T11:29:02","slug":"bandidos-invadem-casa-e-roubam-moto-de-agricultor-na-regiao-do-cariri","status":"publish","type":"post","link":"https:\/\/www.caririemacao.com\/1\/2020\/02\/10\/bandidos-invadem-casa-e-roubam-moto-de-agricultor-na-regiao-do-cariri\/","title":{"rendered":"Bandidos invadem casa e roubam moto de agricultor na regi\u00e3o do Cariri"},"content":{"rendered":"\n<p>Na noite deste domingo (9) criminosos realizaram um assalto a uma resid\u00eancia no S\u00edtio Mucuitu, que fica localizado entre os munic\u00edpios de Juazeirinho e Santo Andr\u00e9, Cariri paraibano.<\/p>\n\n\n\n<p>Segundo informa\u00e7\u00f5es repassadas a nossa reportagem, os meliantes invadiram a casa do agricultor de nome Antonio de Sim\u00e3o e roubaram a sua motocicleta.<\/p>\n\n\n\n<p>Em seguida, os criminosos fugiram da a\u00e7\u00e3o em dire\u00e7\u00e3o ao munic\u00edpio de Juazeirinho.<\/p>\n\n\n\n<p>A Pol\u00edcia Militar foi acionada e encontrou o motocicleta abandonada na regi\u00e3o do S\u00edtio Cabe\u00e7a, zona rural de Juazeirinho. A PM ainda faz buscas pela regi\u00e3o na tentativa de capturar os criminosos.<\/p>\n\n\n\n<p>De Olho no Cariri<\/p>\n","protected":false},"excerpt":{"rendered":"<p>Na noite deste domingo (9) criminosos realizaram um assalto a uma resid\u00eancia no S\u00edtio Mucuitu, que fica localizado entre os munic\u00edpios de Juazeirinho e Santo&hellip; <\/p>\n","protected":false},"author":1,"featured_media":152568,"comment_status":"closed","ping_status":"closed","sticky":false,"template":"","format":"standard","meta":{"sfsi_plus_gutenberg_text_before_share":"","sfsi_plus_gutenberg_show_text_before_share":"","sfsi_plus_gutenberg_icon_type":"","sfsi_plus_gutenberg_icon_alignemt":"","sfsi_plus_gutenburg_max_per_row":"","footnotes":""},"categories":[12],"tags":[],"class_list":["post-152567","post","type-post","status-publish","format-standard","has-post-thumbnail","hentry","category-policia"],"_links":{"self":[{"href":"https:\/\/www.caririemacao.com\/1\/wp-json\/wp\/v2\/posts\/152567","targetHints":{"allow":["GET"]}}],"collection":[{"href":"https:\/\/www.caririemacao.com\/1\/wp-json\/wp\/v2\/posts"}],"about":[{"href":"https:\/\/www.caririemacao.com\/1\/wp-json\/wp\/v2\/types\/post"}],"author":[{"embeddable":true,"href":"https:\/\/www.caririemacao.com\/1\/wp-json\/wp\/v2\/users\/1"}],"replies":[{"embeddable":true,"href":"https:\/\/www.caririemacao.com\/1\/wp-json\/wp\/v2\/comments?post=152567"}],"version-history":[{"count":1,"href":"https:\/\/www.caririemacao.com\/1\/wp-json\/wp\/v2\/posts\/152567\/revisions"}],"predecessor-version":[{"id":152569,"href":"https:\/\/www.caririemacao.com\/1\/wp-json\/wp\/v2\/posts\/152567\/revisions\/152569"}],"wp:featuredmedia":[{"embeddable":true,"href":"https:\/\/www.caririemacao.com\/1\/wp-json\/wp\/v2\/media\/152568"}],"wp:attachment":[{"href":"https:\/\/www.caririemacao.com\/1\/wp-json\/wp\/v2\/media?parent=152567"}],"wp:term":[{"taxonomy":"category","embeddable":true,"href":"https:\/\/www.caririemacao.com\/1\/wp-json\/wp\/v2\/categories?post=152567"},{"taxonomy":"post_tag","embeddable":true,"href":"https:\/\/www.caririemacao.com\/1\/wp-json\/wp\/v2\/tags?post=152567"}],"curies":[{"name":"wp","href":"https:\/\/api.w.org\/{rel}","templated":true}]}}