{"id":152574,"date":"2020-02-10T08:34:48","date_gmt":"2020-02-10T11:34:48","guid":{"rendered":"http:\/\/www.caririemacao.com\/1\/?p=152574"},"modified":"2020-02-10T08:34:49","modified_gmt":"2020-02-10T11:34:49","slug":"previsao-do-tempo-para-esta-segunda-feira-em-toda-paraiba-27","status":"publish","type":"post","link":"https:\/\/www.caririemacao.com\/1\/2020\/02\/10\/previsao-do-tempo-para-esta-segunda-feira-em-toda-paraiba-27\/","title":{"rendered":"Previs\u00e3o do tempo para esta segunda-feira em toda Para\u00edba"},"content":{"rendered":"\n<p>Permanece uma leve redu\u00e7\u00e3o na nebulosidade em grande parte do estado da Para\u00edba. A tarde, o calor associado a alta umidade presente na atmosfera, deixar\u00e1 o tempo favor\u00e1vel \u00e0 ocorr\u00eancia de chuvas localizadas no Sert\u00e3o e Alto Sert\u00e3o. Nas demais regi\u00f5es, poder\u00e3o ocorrer pancadas de chuvas pontuais.<\/p>\n\n\n\n<div class=\"wp-block-image\"><figure class=\"aligncenter\"><img decoding=\"async\" data-src=\"https:\/\/paraibaonline.com.br\/wp-content\/uploads\/2020\/02\/tempo1002.jpg\" alt=\"Para\u00edba Online \u2022 Previs\u00e3o do tempo para esta segunda-feira em toda Para\u00edba\" class=\"wp-image-836273 lazyload\" src=\"data:image\/svg+xml;base64,PHN2ZyB3aWR0aD0iMSIgaGVpZ2h0PSIxIiB4bWxucz0iaHR0cDovL3d3dy53My5vcmcvMjAwMC9zdmciPjwvc3ZnPg==\" \/><\/figure><\/div>\n\n\n\n<p>*Fonte: Aesa<\/p>\n","protected":false},"excerpt":{"rendered":"<p>Permanece uma leve redu\u00e7\u00e3o na nebulosidade em grande parte do estado da Para\u00edba. A tarde, o calor associado a alta umidade presente na atmosfera, deixar\u00e1&hellip; <\/p>\n","protected":false},"author":1,"featured_media":152575,"comment_status":"closed","ping_status":"closed","sticky":false,"template":"","format":"standard","meta":{"sfsi_plus_gutenberg_text_before_share":"","sfsi_plus_gutenberg_show_text_before_share":"","sfsi_plus_gutenberg_icon_type":"","sfsi_plus_gutenberg_icon_alignemt":"","sfsi_plus_gutenburg_max_per_row":"","footnotes":""},"categories":[6],"tags":[],"class_list":["post-152574","post","type-post","status-publish","format-standard","has-post-thumbnail","hentry","category-cidades"],"_links":{"self":[{"href":"https:\/\/www.caririemacao.com\/1\/wp-json\/wp\/v2\/posts\/152574","targetHints":{"allow":["GET"]}}],"collection":[{"href":"https:\/\/www.caririemacao.com\/1\/wp-json\/wp\/v2\/posts"}],"about":[{"href":"https:\/\/www.caririemacao.com\/1\/wp-json\/wp\/v2\/types\/post"}],"author":[{"embeddable":true,"href":"https:\/\/www.caririemacao.com\/1\/wp-json\/wp\/v2\/users\/1"}],"replies":[{"embeddable":true,"href":"https:\/\/www.caririemacao.com\/1\/wp-json\/wp\/v2\/comments?post=152574"}],"version-history":[{"count":1,"href":"https:\/\/www.caririemacao.com\/1\/wp-json\/wp\/v2\/posts\/152574\/revisions"}],"predecessor-version":[{"id":152576,"href":"https:\/\/www.caririemacao.com\/1\/wp-json\/wp\/v2\/posts\/152574\/revisions\/152576"}],"wp:featuredmedia":[{"embeddable":true,"href":"https:\/\/www.caririemacao.com\/1\/wp-json\/wp\/v2\/media\/152575"}],"wp:attachment":[{"href":"https:\/\/www.caririemacao.com\/1\/wp-json\/wp\/v2\/media?parent=152574"}],"wp:term":[{"taxonomy":"category","embeddable":true,"href":"https:\/\/www.caririemacao.com\/1\/wp-json\/wp\/v2\/categories?post=152574"},{"taxonomy":"post_tag","embeddable":true,"href":"https:\/\/www.caririemacao.com\/1\/wp-json\/wp\/v2\/tags?post=152574"}],"curies":[{"name":"wp","href":"https:\/\/api.w.org\/{rel}","templated":true}]}}