{"id":152578,"date":"2020-02-10T09:16:57","date_gmt":"2020-02-10T12:16:57","guid":{"rendered":"http:\/\/www.caririemacao.com\/1\/?p=152578"},"modified":"2020-02-10T09:16:59","modified_gmt":"2020-02-10T12:16:59","slug":"joao-azevedo-abre-ano-letivo-2020-e-assina-editais-de-programas-da-educacao","status":"publish","type":"post","link":"https:\/\/www.caririemacao.com\/1\/2020\/02\/10\/joao-azevedo-abre-ano-letivo-2020-e-assina-editais-de-programas-da-educacao\/","title":{"rendered":"Jo\u00e3o Azev\u00eado abre ano letivo 2020 e assina editais de programas da Educa\u00e7\u00e3o"},"content":{"rendered":"\n<p>O governador Jo\u00e3o Azev\u00eado realiza nesta segunda-feira (10) a Abertura do Ano Letivo 2020 nas escolas da Rede Estadual de Ensino. O evento acontece \u00e0s 10h na&nbsp;Sala de Concertos Maestro Jos\u00e9 Siqueira, no Espa\u00e7o Cultural Jos\u00e9 Lins do Rego, em Jo\u00e3o Pessoa.&nbsp;<\/p>\n\n\n\n<p>Na ocasi\u00e3o, o chefe do Executivo vai prestigiar a realiza\u00e7\u00e3o de aula show do Se Liga No Enem para centenas de estudantes da Rede Estadual, apresenta\u00e7\u00f5es culturais, e realizar a assinatura de editais de programas da Educa\u00e7\u00e3o.&nbsp;<\/p>\n","protected":false},"excerpt":{"rendered":"<p>O governador Jo\u00e3o Azev\u00eado realiza nesta segunda-feira (10) a Abertura do Ano Letivo 2020 nas escolas da Rede Estadual de Ensino. O evento acontece \u00e0s&hellip; <\/p>\n","protected":false},"author":1,"featured_media":152463,"comment_status":"closed","ping_status":"closed","sticky":false,"template":"","format":"standard","meta":{"sfsi_plus_gutenberg_text_before_share":"","sfsi_plus_gutenberg_show_text_before_share":"","sfsi_plus_gutenberg_icon_type":"","sfsi_plus_gutenberg_icon_alignemt":"","sfsi_plus_gutenburg_max_per_row":"","footnotes":""},"categories":[11],"tags":[],"class_list":["post-152578","post","type-post","status-publish","format-standard","has-post-thumbnail","hentry","category-politica"],"_links":{"self":[{"href":"https:\/\/www.caririemacao.com\/1\/wp-json\/wp\/v2\/posts\/152578","targetHints":{"allow":["GET"]}}],"collection":[{"href":"https:\/\/www.caririemacao.com\/1\/wp-json\/wp\/v2\/posts"}],"about":[{"href":"https:\/\/www.caririemacao.com\/1\/wp-json\/wp\/v2\/types\/post"}],"author":[{"embeddable":true,"href":"https:\/\/www.caririemacao.com\/1\/wp-json\/wp\/v2\/users\/1"}],"replies":[{"embeddable":true,"href":"https:\/\/www.caririemacao.com\/1\/wp-json\/wp\/v2\/comments?post=152578"}],"version-history":[{"count":1,"href":"https:\/\/www.caririemacao.com\/1\/wp-json\/wp\/v2\/posts\/152578\/revisions"}],"predecessor-version":[{"id":152585,"href":"https:\/\/www.caririemacao.com\/1\/wp-json\/wp\/v2\/posts\/152578\/revisions\/152585"}],"wp:featuredmedia":[{"embeddable":true,"href":"https:\/\/www.caririemacao.com\/1\/wp-json\/wp\/v2\/media\/152463"}],"wp:attachment":[{"href":"https:\/\/www.caririemacao.com\/1\/wp-json\/wp\/v2\/media?parent=152578"}],"wp:term":[{"taxonomy":"category","embeddable":true,"href":"https:\/\/www.caririemacao.com\/1\/wp-json\/wp\/v2\/categories?post=152578"},{"taxonomy":"post_tag","embeddable":true,"href":"https:\/\/www.caririemacao.com\/1\/wp-json\/wp\/v2\/tags?post=152578"}],"curies":[{"name":"wp","href":"https:\/\/api.w.org\/{rel}","templated":true}]}}