{"id":152579,"date":"2020-02-10T08:59:57","date_gmt":"2020-02-10T11:59:57","guid":{"rendered":"http:\/\/www.caririemacao.com\/1\/?p=152579"},"modified":"2020-02-10T09:16:44","modified_gmt":"2020-02-10T12:16:44","slug":"prefeitura-de-camalau-investe-em-seguranca-publica-para-o-carnaval-de-2020","status":"publish","type":"post","link":"https:\/\/www.caririemacao.com\/1\/2020\/02\/10\/prefeitura-de-camalau-investe-em-seguranca-publica-para-o-carnaval-de-2020\/","title":{"rendered":"Prefeitura de Camala\u00fa investe em seguran\u00e7a para o carnaval 2020"},"content":{"rendered":"\n<p>A Prefeitura Municipal de Camala\u00fa instalou durante essa semana, um sistema de monitoramento de c\u00e2meras para melhorar e ampliar o sistema  de seguran\u00e7a do balne\u00e1rio p\u00fablico de Camala\u00fa. <\/p>\n\n\n\n<figure class=\"wp-block-image\"><img decoding=\"async\" data-src=\"https:\/\/ser-tel.com.br\/wp-content\/uploads\/2019\/02\/camera-seguranca-3-700x467.jpg\" alt=\"Resultado de imagem para camera de seguran\u00e7a\" src=\"data:image\/svg+xml;base64,PHN2ZyB3aWR0aD0iMSIgaGVpZ2h0PSIxIiB4bWxucz0iaHR0cDovL3d3dy53My5vcmcvMjAwMC9zdmciPjwvc3ZnPg==\" class=\"lazyload\" style=\"--smush-placeholder-width: 700px; --smush-placeholder-aspect-ratio: 700\/467;\" \/><\/figure>\n\n\n\n<p>O Balne\u00e1rio que j\u00e1 \u00e9 conhecido por ser o local onde acontece o tradicional Carnaval e que esse ano deve receber um p\u00fablico ainda maior. <\/p>\n\n\n\n<p>O prefeito Sandro M\u00f4co destacou que vem investindo a cada ano, para receber com seguran\u00e7a, todos os foli\u00f5es que v\u00e3o prestigiar o carnaval de Camala\u00fa. <\/p>\n\n\n\n<p>A Prefeitura ainda anunciou que dia 16 de fevereiro acontecer\u00e1 a pr\u00e9via do tradicional Carnaval da cidade de Camala\u00fa e contar\u00e1 com bandas, pared\u00f5es e distribui\u00e7\u00e3o de camisas do Bloco T\u00f4 Moc\u00f4.<\/p>\n\n\n\n<p>O Carnaval Solid\u00e1rio 2020 de Camala\u00fa j\u00e1 conta com mais de 20 atra\u00e7\u00f5es confirmadas, entre elas, duas grandes atra\u00e7\u00f5es: Dj Marc\u00edlio no domingo e o Dod\u00f4 Press\u00e3o na ter\u00e7a de Carnaval.<\/p>\n","protected":false},"excerpt":{"rendered":"<p>A Prefeitura Municipal de Camala\u00fa instalou durante essa semana, um sistema de monitoramento de c\u00e2meras para melhorar e ampliar o sistema de seguran\u00e7a do balne\u00e1rio&hellip; <\/p>\n","protected":false},"author":1,"featured_media":152580,"comment_status":"closed","ping_status":"closed","sticky":false,"template":"","format":"standard","meta":{"sfsi_plus_gutenberg_text_before_share":"","sfsi_plus_gutenberg_show_text_before_share":"","sfsi_plus_gutenberg_icon_type":"","sfsi_plus_gutenberg_icon_alignemt":"","sfsi_plus_gutenburg_max_per_row":"","footnotes":""},"categories":[6,50],"tags":[],"class_list":["post-152579","post","type-post","status-publish","format-standard","has-post-thumbnail","hentry","category-cidades","category-destaque"],"_links":{"self":[{"href":"https:\/\/www.caririemacao.com\/1\/wp-json\/wp\/v2\/posts\/152579","targetHints":{"allow":["GET"]}}],"collection":[{"href":"https:\/\/www.caririemacao.com\/1\/wp-json\/wp\/v2\/posts"}],"about":[{"href":"https:\/\/www.caririemacao.com\/1\/wp-json\/wp\/v2\/types\/post"}],"author":[{"embeddable":true,"href":"https:\/\/www.caririemacao.com\/1\/wp-json\/wp\/v2\/users\/1"}],"replies":[{"embeddable":true,"href":"https:\/\/www.caririemacao.com\/1\/wp-json\/wp\/v2\/comments?post=152579"}],"version-history":[{"count":3,"href":"https:\/\/www.caririemacao.com\/1\/wp-json\/wp\/v2\/posts\/152579\/revisions"}],"predecessor-version":[{"id":152584,"href":"https:\/\/www.caririemacao.com\/1\/wp-json\/wp\/v2\/posts\/152579\/revisions\/152584"}],"wp:featuredmedia":[{"embeddable":true,"href":"https:\/\/www.caririemacao.com\/1\/wp-json\/wp\/v2\/media\/152580"}],"wp:attachment":[{"href":"https:\/\/www.caririemacao.com\/1\/wp-json\/wp\/v2\/media?parent=152579"}],"wp:term":[{"taxonomy":"category","embeddable":true,"href":"https:\/\/www.caririemacao.com\/1\/wp-json\/wp\/v2\/categories?post=152579"},{"taxonomy":"post_tag","embeddable":true,"href":"https:\/\/www.caririemacao.com\/1\/wp-json\/wp\/v2\/tags?post=152579"}],"curies":[{"name":"wp","href":"https:\/\/api.w.org\/{rel}","templated":true}]}}