{"id":152594,"date":"2020-02-10T09:48:57","date_gmt":"2020-02-10T12:48:57","guid":{"rendered":"http:\/\/www.caririemacao.com\/1\/?p=152594"},"modified":"2020-02-10T09:48:59","modified_gmt":"2020-02-10T12:48:59","slug":"video-viraliza-mostrando-tubarao-na-praia-do-bessa-biologa-diz-que-se-trata-de-um-golfinho","status":"publish","type":"post","link":"https:\/\/www.caririemacao.com\/1\/2020\/02\/10\/video-viraliza-mostrando-tubarao-na-praia-do-bessa-biologa-diz-que-se-trata-de-um-golfinho\/","title":{"rendered":"V\u00eddeo viraliza mostrando &#8216;tubar\u00e3o&#8217; na praia do Bessa; bi\u00f3loga diz que se trata de um golfinho"},"content":{"rendered":"\n<p>Um v\u00eddeo que mostra um suposto tubar\u00e3o nadando em \u00e1guas rasas na praia do Bessa, em Jo\u00e3o Pessoa, viralizou neste fim de semana. As imagens mostram uma sombra escura e uma barbatana na \u00e1gua, que n\u00e3o tinha nenhum banhista no momento, pois ningu\u00e9m teve coragem de se aproximar do animal. De acordo com a bi\u00f3loga Rita Mascarenhas, por\u00e9m, n\u00e3o \u00e9 um tubar\u00e3o o que se v\u00ea no v\u00eddeo.<\/p>\n\n\n\n<p>&#8220;Tubar\u00e3o n\u00e3o tem aquele comportamento de nado&#8221;, disse Rita ao ClickPB. A bi\u00f3loga destacou que, no meio do v\u00eddeo, a pessoa que est\u00e1 filmando comenta que o animal vai subir para respirar. Os tubar\u00f5es, por\u00e9m, respiram embaixo da \u00e1gua, por meio de br\u00e2nquias e n\u00e3o precisam colocar a cabe\u00e7a fora da \u00e1gua. Este \u00e9 um comportamento t\u00edpico dos golfinhos.<\/p>\n\n\n\n<p>Rita Mascarenhas afirmou, portanto, que o animal que aparece no v\u00eddeo \u00e9 um golfinho, tamb\u00e9m chamado de boto. Segundo ela, avistamentos da esp\u00e9cie s\u00e3o bastante comuns em mar\u00e9s grandes, &#8220;principalmente agora com a lua cheia&#8221;, quando esses animais aparecem mais pr\u00f3ximo da praia cercando os cardumes de peixes dos quais se alimentam.<\/p>\n\n\n\n<p>&#8220;As pessoas gostam dessas pol\u00eamicas e \u00e0s vezes acabam criando p\u00e2nico, mas n\u00e3o \u00e9 um tubar\u00e3o&#8221;, atestou.<\/p>\n\n\n\n<figure><iframe data-src=\"https:\/\/www.youtube.com\/embed\/dxNo9jib5nA\" allowfullscreen=\"\" width=\"560\" height=\"315\" src=\"data:image\/svg+xml;base64,PHN2ZyB3aWR0aD0iMSIgaGVpZ2h0PSIxIiB4bWxucz0iaHR0cDovL3d3dy53My5vcmcvMjAwMC9zdmciPjwvc3ZnPg==\" class=\"lazyload\" data-load-mode=\"1\"><\/iframe><\/figure>\n","protected":false},"excerpt":{"rendered":"<p>Um v\u00eddeo que mostra um suposto tubar\u00e3o nadando em \u00e1guas rasas na praia do Bessa, em Jo\u00e3o Pessoa, viralizou neste fim de semana. As imagens&hellip; <\/p>\n","protected":false},"author":2,"featured_media":152595,"comment_status":"closed","ping_status":"closed","sticky":false,"template":"","format":"standard","meta":{"sfsi_plus_gutenberg_text_before_share":"","sfsi_plus_gutenberg_show_text_before_share":"","sfsi_plus_gutenberg_icon_type":"","sfsi_plus_gutenberg_icon_alignemt":"","sfsi_plus_gutenburg_max_per_row":"","footnotes":""},"categories":[2],"tags":[],"class_list":["post-152594","post","type-post","status-publish","format-standard","has-post-thumbnail","hentry","category-geral"],"_links":{"self":[{"href":"https:\/\/www.caririemacao.com\/1\/wp-json\/wp\/v2\/posts\/152594","targetHints":{"allow":["GET"]}}],"collection":[{"href":"https:\/\/www.caririemacao.com\/1\/wp-json\/wp\/v2\/posts"}],"about":[{"href":"https:\/\/www.caririemacao.com\/1\/wp-json\/wp\/v2\/types\/post"}],"author":[{"embeddable":true,"href":"https:\/\/www.caririemacao.com\/1\/wp-json\/wp\/v2\/users\/2"}],"replies":[{"embeddable":true,"href":"https:\/\/www.caririemacao.com\/1\/wp-json\/wp\/v2\/comments?post=152594"}],"version-history":[{"count":1,"href":"https:\/\/www.caririemacao.com\/1\/wp-json\/wp\/v2\/posts\/152594\/revisions"}],"predecessor-version":[{"id":152596,"href":"https:\/\/www.caririemacao.com\/1\/wp-json\/wp\/v2\/posts\/152594\/revisions\/152596"}],"wp:featuredmedia":[{"embeddable":true,"href":"https:\/\/www.caririemacao.com\/1\/wp-json\/wp\/v2\/media\/152595"}],"wp:attachment":[{"href":"https:\/\/www.caririemacao.com\/1\/wp-json\/wp\/v2\/media?parent=152594"}],"wp:term":[{"taxonomy":"category","embeddable":true,"href":"https:\/\/www.caririemacao.com\/1\/wp-json\/wp\/v2\/categories?post=152594"},{"taxonomy":"post_tag","embeddable":true,"href":"https:\/\/www.caririemacao.com\/1\/wp-json\/wp\/v2\/tags?post=152594"}],"curies":[{"name":"wp","href":"https:\/\/api.w.org\/{rel}","templated":true}]}}