{"id":152601,"date":"2020-02-10T10:52:36","date_gmt":"2020-02-10T13:52:36","guid":{"rendered":"http:\/\/www.caririemacao.com\/1\/?p=152601"},"modified":"2020-02-10T10:52:38","modified_gmt":"2020-02-10T13:52:38","slug":"concurso-internacional-de-redacao-de-cartas-esta-com-inscricoes-abertas","status":"publish","type":"post","link":"https:\/\/www.caririemacao.com\/1\/2020\/02\/10\/concurso-internacional-de-redacao-de-cartas-esta-com-inscricoes-abertas\/","title":{"rendered":"Concurso Internacional de Reda\u00e7\u00e3o de Cartas est\u00e1 com inscri\u00e7\u00f5es abertas"},"content":{"rendered":"\n<p>Come\u00e7am nesta segunda-feira (10) as inscri\u00e7\u00f5es para o 49\u00b0 Concurso Internacional de Reda\u00e7\u00e3o de Cartas. Promovido anualmente pela Uni\u00e3o Postal Universal (UPU), e realizado no Brasil pelos Correios, o concurso objetiva estimular jovens e crian\u00e7as a expressarem sua criatividade e a melhorarem seus conhecimentos lingu\u00edsticos, por meio da reda\u00e7\u00e3o de cartas. Desenvolvida em parceria com escolas e estudantes de todo o pa\u00eds, em 2019 a iniciativa recebeu mais de 6 mil inscri\u00e7\u00f5es.<\/p>\n\n\n\n<p>Em 2020, o tema da reda\u00e7\u00e3o \u00e9: \u201cEscreva uma mensagem para um adulto sobre o mundo em que vivemos\u201d. Estudantes com at\u00e9 15 anos, da rede p\u00fablica e privada de ensino, podem participar com reda\u00e7\u00f5es redigidas de pr\u00f3prio punho, com caneta esferogr\u00e1fica preta ou azul. Os textos devem ser produzidos em l\u00edngua portuguesa, ser relacionados estritamente ao tema e conter, no m\u00e1ximo, 800 palavras. As inscri\u00e7\u00f5es podem ser feitas at\u00e9 o dia 20 de mar\u00e7o de 2020.<\/p>\n\n\n\n<p>O primeiro colocado em cada Estado, e sua respectiva escola, receber\u00e3o pr\u00eamios em dinheiro e participar\u00e3o da fase nacional. Nesta segunda fase, tamb\u00e9m ser\u00e3o premiados os tr\u00eas melhores colocados. Al\u00e9m de trof\u00e9u, os vencedores receber\u00e3o certificado e pr\u00eamios de at\u00e9 R$ 10 mil. O primeiro lugar nacional representar\u00e1 o Brasil na etapa internacional. O regulamento completo do Concurso Internacional de Reda\u00e7\u00e3o de Cartas e o formul\u00e1rio de inscri\u00e7\u00e3o est\u00e3o dispon\u00edveis no&nbsp;<a href=\"http:\/\/www.correios.com.br\/sobre-os-correios\/educacao-e-cultura\/concurso-internacional-de-redacao-de-cartas\">site dos Correios<\/a>.<\/p>\n","protected":false},"excerpt":{"rendered":"<p>Come\u00e7am nesta segunda-feira (10) as inscri\u00e7\u00f5es para o 49\u00b0 Concurso Internacional de Reda\u00e7\u00e3o de Cartas. Promovido anualmente pela Uni\u00e3o Postal Universal (UPU), e realizado no&hellip; <\/p>\n","protected":false},"author":2,"featured_media":152602,"comment_status":"closed","ping_status":"closed","sticky":false,"template":"","format":"standard","meta":{"sfsi_plus_gutenberg_text_before_share":"","sfsi_plus_gutenberg_show_text_before_share":"","sfsi_plus_gutenberg_icon_type":"","sfsi_plus_gutenberg_icon_alignemt":"","sfsi_plus_gutenburg_max_per_row":"","footnotes":""},"categories":[2],"tags":[],"class_list":["post-152601","post","type-post","status-publish","format-standard","has-post-thumbnail","hentry","category-geral"],"_links":{"self":[{"href":"https:\/\/www.caririemacao.com\/1\/wp-json\/wp\/v2\/posts\/152601","targetHints":{"allow":["GET"]}}],"collection":[{"href":"https:\/\/www.caririemacao.com\/1\/wp-json\/wp\/v2\/posts"}],"about":[{"href":"https:\/\/www.caririemacao.com\/1\/wp-json\/wp\/v2\/types\/post"}],"author":[{"embeddable":true,"href":"https:\/\/www.caririemacao.com\/1\/wp-json\/wp\/v2\/users\/2"}],"replies":[{"embeddable":true,"href":"https:\/\/www.caririemacao.com\/1\/wp-json\/wp\/v2\/comments?post=152601"}],"version-history":[{"count":1,"href":"https:\/\/www.caririemacao.com\/1\/wp-json\/wp\/v2\/posts\/152601\/revisions"}],"predecessor-version":[{"id":152603,"href":"https:\/\/www.caririemacao.com\/1\/wp-json\/wp\/v2\/posts\/152601\/revisions\/152603"}],"wp:featuredmedia":[{"embeddable":true,"href":"https:\/\/www.caririemacao.com\/1\/wp-json\/wp\/v2\/media\/152602"}],"wp:attachment":[{"href":"https:\/\/www.caririemacao.com\/1\/wp-json\/wp\/v2\/media?parent=152601"}],"wp:term":[{"taxonomy":"category","embeddable":true,"href":"https:\/\/www.caririemacao.com\/1\/wp-json\/wp\/v2\/categories?post=152601"},{"taxonomy":"post_tag","embeddable":true,"href":"https:\/\/www.caririemacao.com\/1\/wp-json\/wp\/v2\/tags?post=152601"}],"curies":[{"name":"wp","href":"https:\/\/api.w.org\/{rel}","templated":true}]}}