{"id":152619,"date":"2020-02-10T12:29:56","date_gmt":"2020-02-10T15:29:56","guid":{"rendered":"http:\/\/www.caririemacao.com\/1\/?p=152619"},"modified":"2020-02-10T12:29:57","modified_gmt":"2020-02-10T15:29:57","slug":"policia-militar-deflagra-operacao-contra-assaltos-e-reforca-seguranca-na-paraiba","status":"publish","type":"post","link":"https:\/\/www.caririemacao.com\/1\/2020\/02\/10\/policia-militar-deflagra-operacao-contra-assaltos-e-reforca-seguranca-na-paraiba\/","title":{"rendered":"Pol\u00edcia Militar deflagra opera\u00e7\u00e3o contra assaltos e refor\u00e7a seguran\u00e7a na Para\u00edba"},"content":{"rendered":"\n<p>A Pol\u00edcia Militar da Para\u00edba realizou a 11\u00aa edi\u00e7\u00e3o da Opera\u00e7\u00e3o Alvorada, nas primeiras horas da manh\u00e3 desta segunda-feira (10), na Para\u00edba.&nbsp;A opera\u00e7\u00e3o come\u00e7ou por volta das 5h, com policiamento a p\u00e9 em pontos de \u00f4nibus, viaturas realizando pontos-base em vias de maior circula\u00e7\u00e3o de pessoas e abordagens sendo feitas a ve\u00edculos suspeitos, principalmente a motos.<\/p>\n\n\n\n<figure class=\"wp-block-image\"><img decoding=\"async\" data-src=\"https:\/\/www.clickpb.com.br\/media\/filer_public\/48\/e8\/48e8505b-0a0f-4269-9f38-298cdb3775c0\/unnamed.jpg\" alt=\"\" src=\"data:image\/svg+xml;base64,PHN2ZyB3aWR0aD0iMSIgaGVpZ2h0PSIxIiB4bWxucz0iaHR0cDovL3d3dy53My5vcmcvMjAwMC9zdmciPjwvc3ZnPg==\" class=\"lazyload\" \/><\/figure>\n\n\n\n<p>A Alvorada retornou \u00e0s ruas atendendo 103 cidades, nesta 11\u00aa edi\u00e7\u00e3o. S\u00f3 na regi\u00e3o metropolitana de Jo\u00e3o Pessoa, o refor\u00e7o foi de 219 policiais e 36 viaturas. Em Campina Grande e regi\u00e3o, foram mobilizados 172 policiais e 63 viaturas e, no Sert\u00e3o, a opera\u00e7\u00e3o contou com a atua\u00e7\u00e3o de 315 policiais e 127 viaturas.<\/p>\n\n\n\n<figure class=\"wp-block-image\"><img decoding=\"async\" data-src=\"https:\/\/www.clickpb.com.br\/media\/filer_public\/5f\/65\/5f65f0d3-8726-4582-96d3-cf75c166e1dd\/unnamed_4.jpg\" alt=\"\" src=\"data:image\/svg+xml;base64,PHN2ZyB3aWR0aD0iMSIgaGVpZ2h0PSIxIiB4bWxucz0iaHR0cDovL3d3dy53My5vcmcvMjAwMC9zdmciPjwvc3ZnPg==\" class=\"lazyload\" \/><\/figure>\n\n\n\n<p>O pr\u00f3prio comandante-geral da Pol\u00edcia Militar, coronel Euller Chaves, coordenou o trabalho da opera\u00e7\u00e3o. \u201cAno passado, tivemos dez edi\u00e7\u00f5es da Opera\u00e7\u00e3o Alvorada, que teve um papel importante na redu\u00e7\u00e3o dos Crimes Violentos Patrimoniais, que s\u00e3o os roubos, num patamar de queda de 31% em Jo\u00e3o Pessoa e de 17% em Campina Grande. Agora, retornamos com a 11\u00aa edi\u00e7\u00e3o, que vem a partir de uma solicita\u00e7\u00e3o das pessoas para voltarmos com esse refor\u00e7o logo cedo da manh\u00e3 e teremos v\u00e1rios momentos com a opera\u00e7\u00e3o Alvorada nas ruas\u201d, adiantou o coronel.<\/p>\n\n\n\n<figure class=\"wp-block-image\"><img decoding=\"async\" data-src=\"https:\/\/www.clickpb.com.br\/media\/filer_public\/58\/2c\/582ca88d-3b7c-4b0e-93f1-fdd7de79ee79\/unnamed_3.jpg\" alt=\"\" src=\"data:image\/svg+xml;base64,PHN2ZyB3aWR0aD0iMSIgaGVpZ2h0PSIxIiB4bWxucz0iaHR0cDovL3d3dy53My5vcmcvMjAwMC9zdmciPjwvc3ZnPg==\" class=\"lazyload\" \/><\/figure>\n\n\n\n<p>A opera\u00e7\u00e3o conta com um refor\u00e7o de mais de 860 policiais e 298 viaturas atuando na preven\u00e7\u00e3o e combate aos roubos, principalmente em pontos de \u00f4nibus e nos locais de maior movimenta\u00e7\u00e3o das pessoas.<br><\/p>\n\n\n\n<figure class=\"wp-block-image\"><img decoding=\"async\" data-src=\"https:\/\/www.clickpb.com.br\/media\/filer_public\/fd\/53\/fd53e19f-de2c-4e2f-bc98-180ff5613404\/unnamed_1.jpg\" alt=\"\" src=\"data:image\/svg+xml;base64,PHN2ZyB3aWR0aD0iMSIgaGVpZ2h0PSIxIiB4bWxucz0iaHR0cDovL3d3dy53My5vcmcvMjAwMC9zdmciPjwvc3ZnPg==\" class=\"lazyload\" \/><\/figure>\n","protected":false},"excerpt":{"rendered":"<p>A Pol\u00edcia Militar da Para\u00edba realizou a 11\u00aa edi\u00e7\u00e3o da Opera\u00e7\u00e3o Alvorada, nas primeiras horas da manh\u00e3 desta segunda-feira (10), na Para\u00edba.&nbsp;A opera\u00e7\u00e3o come\u00e7ou por&hellip; <\/p>\n","protected":false},"author":2,"featured_media":152620,"comment_status":"closed","ping_status":"closed","sticky":false,"template":"","format":"standard","meta":{"sfsi_plus_gutenberg_text_before_share":"","sfsi_plus_gutenberg_show_text_before_share":"","sfsi_plus_gutenberg_icon_type":"","sfsi_plus_gutenberg_icon_alignemt":"","sfsi_plus_gutenburg_max_per_row":"","footnotes":""},"categories":[12],"tags":[],"class_list":["post-152619","post","type-post","status-publish","format-standard","has-post-thumbnail","hentry","category-policia"],"_links":{"self":[{"href":"https:\/\/www.caririemacao.com\/1\/wp-json\/wp\/v2\/posts\/152619","targetHints":{"allow":["GET"]}}],"collection":[{"href":"https:\/\/www.caririemacao.com\/1\/wp-json\/wp\/v2\/posts"}],"about":[{"href":"https:\/\/www.caririemacao.com\/1\/wp-json\/wp\/v2\/types\/post"}],"author":[{"embeddable":true,"href":"https:\/\/www.caririemacao.com\/1\/wp-json\/wp\/v2\/users\/2"}],"replies":[{"embeddable":true,"href":"https:\/\/www.caririemacao.com\/1\/wp-json\/wp\/v2\/comments?post=152619"}],"version-history":[{"count":1,"href":"https:\/\/www.caririemacao.com\/1\/wp-json\/wp\/v2\/posts\/152619\/revisions"}],"predecessor-version":[{"id":152621,"href":"https:\/\/www.caririemacao.com\/1\/wp-json\/wp\/v2\/posts\/152619\/revisions\/152621"}],"wp:featuredmedia":[{"embeddable":true,"href":"https:\/\/www.caririemacao.com\/1\/wp-json\/wp\/v2\/media\/152620"}],"wp:attachment":[{"href":"https:\/\/www.caririemacao.com\/1\/wp-json\/wp\/v2\/media?parent=152619"}],"wp:term":[{"taxonomy":"category","embeddable":true,"href":"https:\/\/www.caririemacao.com\/1\/wp-json\/wp\/v2\/categories?post=152619"},{"taxonomy":"post_tag","embeddable":true,"href":"https:\/\/www.caririemacao.com\/1\/wp-json\/wp\/v2\/tags?post=152619"}],"curies":[{"name":"wp","href":"https:\/\/api.w.org\/{rel}","templated":true}]}}