{"id":152623,"date":"2020-02-10T12:32:23","date_gmt":"2020-02-10T15:32:23","guid":{"rendered":"http:\/\/www.caririemacao.com\/1\/?p=152623"},"modified":"2020-02-10T12:32:25","modified_gmt":"2020-02-10T15:32:25","slug":"nao-quis-ofender-e-peco-desculpas-diz-guedes-apos-chamar-servidor-de-parasita","status":"publish","type":"post","link":"https:\/\/www.caririemacao.com\/1\/2020\/02\/10\/nao-quis-ofender-e-peco-desculpas-diz-guedes-apos-chamar-servidor-de-parasita\/","title":{"rendered":"N\u00e3o quis ofender e pe\u00e7o desculpas, diz Guedes ap\u00f3s chamar servidor de parasita"},"content":{"rendered":"\n<p> O ministro da Economia, Paulo Guedes, se desculpou pela declara\u00e7\u00e3o em que compara servidores p\u00fablicos a parasitas, que acabou repercutindo mal entre integrantes do funcionalismo.<\/p>\n\n\n\n<p>Guedes reafirmou que sua fala foi tirada de contexto e que se referia a estados e munic\u00edpios em casos extremos quando toda a receita vai para sal\u00e1rios, e n\u00e3o para sa\u00fade, educa\u00e7\u00e3o e seguran\u00e7a. &#8220;Se o estado existe para si pr\u00f3prio ent\u00e3o \u00e9 como um parasita -o estado perdul\u00e1rio- maior que o hospedeiro -a sociedade&#8221;, disse o ministro.<\/p>\n\n\n\n<p>&#8220;Eu me expressei muito mal, e pe\u00e7o desculpas n\u00e3o s\u00f3 a meus queridos familiares e amigos mas a todos os exemplares funcion\u00e1rios p\u00fablicos a quem descuidadamente eu possa ter ofendido&#8221;.<\/p>\n\n\n\n<p>Na sexta-feira (7), Guedes afirmou que&nbsp; &#8220;o funcionalismo teve aumento de 50% acima da infla\u00e7\u00e3o, al\u00e9m de ter estabilidade na carreira e aposentadoria generosa. O hospedeiro est\u00e1 morrendo, o cara virou um parasita&#8221;, disse, defendendo o fim dos reajustes autom\u00e1ticos.<\/p>\n\n\n\n<p>Ao comentar sua proposta, Guedes citou pesquisa Datafolha que diz que 88% dos brasileiros s\u00e3o a favor da demiss\u00e3o de servidores por mau desempenho. &#8220;A popula\u00e7\u00e3o n\u00e3o quer mais isso&#8221;, afirmou no evento, recebendo muitos aplausos.<\/p>\n\n\n\n<p>&#8220;O Estado, o governo municipal, o governo estadual, neste caso, vira um parasita maior que o hospedeiro, ou seja, a comunidade a quem deve servir&#8221;, diz. Guedes afirmou, ainda, que se trata de um erro sist\u00eamico e que n\u00e3o \u00e9 culpa da maioria dos servidores.<\/p>\n\n\n\n<p>Nesta segunda, em evento na Firjan (Federa\u00e7\u00e3o das Ind\u00fastrias do Rio), o presidente da C\u00e2mara, Rodrigo Maia (DEM-RJ), afirmou que a concentra\u00e7\u00e3o de renda muito grande na elite do funcionalismo p\u00fablico impede que se atenda \u00e0s demandas da popula\u00e7\u00e3o.<\/p>\n\n\n\n<p>Sem citar a pol\u00eamica declara\u00e7\u00e3o de Guedes, ele disse, por\u00e9m, ser poss\u00edvel convencer a popula\u00e7\u00e3o da necessidade das reformas, sem uso de termos pejorativos.<\/p>\n\n\n\n<p>&#8220;Todos servi\u00e7os p\u00fablicos t\u00eam que ser tratados com muito respeito e o uso de termos pejorativos nos atrapalham no debate, mas h\u00e1 uma concentra\u00e7\u00e3o de renda que a popula\u00e7\u00e3o n\u00e3o concorda mais&#8221;, disse Maia.<\/p>\n\n\n\n<p>Click PB <\/p>\n","protected":false},"excerpt":{"rendered":"<p>O ministro da Economia, Paulo Guedes, se desculpou pela declara\u00e7\u00e3o em que compara servidores p\u00fablicos a parasitas, que acabou repercutindo mal entre integrantes do funcionalismo.&hellip; <\/p>\n","protected":false},"author":2,"featured_media":152624,"comment_status":"closed","ping_status":"closed","sticky":false,"template":"","format":"standard","meta":{"sfsi_plus_gutenberg_text_before_share":"","sfsi_plus_gutenberg_show_text_before_share":"","sfsi_plus_gutenberg_icon_type":"","sfsi_plus_gutenberg_icon_alignemt":"","sfsi_plus_gutenburg_max_per_row":"","footnotes":""},"categories":[11],"tags":[],"class_list":["post-152623","post","type-post","status-publish","format-standard","has-post-thumbnail","hentry","category-politica"],"_links":{"self":[{"href":"https:\/\/www.caririemacao.com\/1\/wp-json\/wp\/v2\/posts\/152623","targetHints":{"allow":["GET"]}}],"collection":[{"href":"https:\/\/www.caririemacao.com\/1\/wp-json\/wp\/v2\/posts"}],"about":[{"href":"https:\/\/www.caririemacao.com\/1\/wp-json\/wp\/v2\/types\/post"}],"author":[{"embeddable":true,"href":"https:\/\/www.caririemacao.com\/1\/wp-json\/wp\/v2\/users\/2"}],"replies":[{"embeddable":true,"href":"https:\/\/www.caririemacao.com\/1\/wp-json\/wp\/v2\/comments?post=152623"}],"version-history":[{"count":1,"href":"https:\/\/www.caririemacao.com\/1\/wp-json\/wp\/v2\/posts\/152623\/revisions"}],"predecessor-version":[{"id":152625,"href":"https:\/\/www.caririemacao.com\/1\/wp-json\/wp\/v2\/posts\/152623\/revisions\/152625"}],"wp:featuredmedia":[{"embeddable":true,"href":"https:\/\/www.caririemacao.com\/1\/wp-json\/wp\/v2\/media\/152624"}],"wp:attachment":[{"href":"https:\/\/www.caririemacao.com\/1\/wp-json\/wp\/v2\/media?parent=152623"}],"wp:term":[{"taxonomy":"category","embeddable":true,"href":"https:\/\/www.caririemacao.com\/1\/wp-json\/wp\/v2\/categories?post=152623"},{"taxonomy":"post_tag","embeddable":true,"href":"https:\/\/www.caririemacao.com\/1\/wp-json\/wp\/v2\/tags?post=152623"}],"curies":[{"name":"wp","href":"https:\/\/api.w.org\/{rel}","templated":true}]}}