{"id":152632,"date":"2020-02-10T13:00:10","date_gmt":"2020-02-10T16:00:10","guid":{"rendered":"http:\/\/www.caririemacao.com\/1\/?p=152632"},"modified":"2020-02-10T13:00:11","modified_gmt":"2020-02-10T16:00:11","slug":"prefeito-de-amparo-publica-nota-de-agradecimento-a-camara-de-vereadores","status":"publish","type":"post","link":"https:\/\/www.caririemacao.com\/1\/2020\/02\/10\/prefeito-de-amparo-publica-nota-de-agradecimento-a-camara-de-vereadores\/","title":{"rendered":"Prefeito de Amparo publica nota de agradecimento \u00e0 C\u00e2mara de vereadores"},"content":{"rendered":"\n<p>O prefeituto de Amaparo, In\u00e1cio N\u00f3brega, na amanh\u00e3 desta segunda-feira, 10, publicou em sua rede social, uma nota de agradecimento \u00e0 C\u00e2mara de Vereadores &#8211; Casa Venceslau Ferreira de Brito.<\/p>\n\n\n\n<p>O prefeito ainda agradeceu por meio de nota, ao Presidente Nelson Brito pela convoca\u00e7\u00e3o extraordin\u00e1ria  para aprova\u00e7\u00e3o de credito adicional, para pagamento de  contrapartida do munic\u00edpio, frente aos conv\u00eanios abaixo relacionados. E para o munic\u00edpio n\u00e3o ficar sem este beneficio. <\/p>\n\n\n\n<p>Ele agradeceu aos vereadores presentes, onde se teve a aus\u00eancia do vereador Jo\u00e3o Lu\u00eds. &#8221; CONV\u00caNIO PLATAFORMA+BRASIL N\u00ba 891543\/2019, QUE ENTRE SI CELEBRAM A UNI\u00c3O, POR INTERM\u00c9DIO DO MINIST\u00c9RIO DA CIDADANIA, E O CONSORCIO INTERMUNICIPAL DE SA\u00daDE DO CARIRI OCIDENTAL &#8211; CISCO, EM CONFORMIDADE COM O PROGRAMA SEGURAN\u00c7A ALIMENTAR E NUTRICIONAL&#8221;. Informou em nota.<\/p>\n\n\n\n<p>Um valor total \u2013 R$ 4.011.599,91 &#8211; (quatro milh\u00f5es, onze mil, quinhentos e noventa e nove reais e noventa e um centavos). Em contrapartida \u2013 R$ 250.777,78 (duzentos e cinquenta mil, setecentos e setenta e sete reais e setenta e oito centavos contrapartida devida referente ao Munic\u00edpio de AMPARO. Equivale a R$ 20.685,38 (vinte mil, seiscentos e oitenta e cinco reais e trinta e oito centavos), o que equivale a implementa\u00e7\u00e3o de 89 (oitenta e nove) cisternas, conforme definido em reuni\u00e3o ordin\u00e1ria no dia 17\/01\/2020. Informou a prefeituta de Amparo. <br> <\/p>\n","protected":false},"excerpt":{"rendered":"<p>O prefeituto de Amaparo, In\u00e1cio N\u00f3brega, na amanh\u00e3 desta segunda-feira, 10, publicou em sua rede social, uma nota de agradecimento \u00e0 C\u00e2mara de Vereadores &#8211;&hellip; <\/p>\n","protected":false},"author":1,"featured_media":92198,"comment_status":"closed","ping_status":"closed","sticky":false,"template":"","format":"standard","meta":{"sfsi_plus_gutenberg_text_before_share":"","sfsi_plus_gutenberg_show_text_before_share":"","sfsi_plus_gutenberg_icon_type":"","sfsi_plus_gutenberg_icon_alignemt":"","sfsi_plus_gutenburg_max_per_row":"","footnotes":""},"categories":[6,50,11],"tags":[],"class_list":["post-152632","post","type-post","status-publish","format-standard","has-post-thumbnail","hentry","category-cidades","category-destaque","category-politica"],"_links":{"self":[{"href":"https:\/\/www.caririemacao.com\/1\/wp-json\/wp\/v2\/posts\/152632","targetHints":{"allow":["GET"]}}],"collection":[{"href":"https:\/\/www.caririemacao.com\/1\/wp-json\/wp\/v2\/posts"}],"about":[{"href":"https:\/\/www.caririemacao.com\/1\/wp-json\/wp\/v2\/types\/post"}],"author":[{"embeddable":true,"href":"https:\/\/www.caririemacao.com\/1\/wp-json\/wp\/v2\/users\/1"}],"replies":[{"embeddable":true,"href":"https:\/\/www.caririemacao.com\/1\/wp-json\/wp\/v2\/comments?post=152632"}],"version-history":[{"count":1,"href":"https:\/\/www.caririemacao.com\/1\/wp-json\/wp\/v2\/posts\/152632\/revisions"}],"predecessor-version":[{"id":152633,"href":"https:\/\/www.caririemacao.com\/1\/wp-json\/wp\/v2\/posts\/152632\/revisions\/152633"}],"wp:featuredmedia":[{"embeddable":true,"href":"https:\/\/www.caririemacao.com\/1\/wp-json\/wp\/v2\/media\/92198"}],"wp:attachment":[{"href":"https:\/\/www.caririemacao.com\/1\/wp-json\/wp\/v2\/media?parent=152632"}],"wp:term":[{"taxonomy":"category","embeddable":true,"href":"https:\/\/www.caririemacao.com\/1\/wp-json\/wp\/v2\/categories?post=152632"},{"taxonomy":"post_tag","embeddable":true,"href":"https:\/\/www.caririemacao.com\/1\/wp-json\/wp\/v2\/tags?post=152632"}],"curies":[{"name":"wp","href":"https:\/\/api.w.org\/{rel}","templated":true}]}}