{"id":152634,"date":"2020-02-10T13:09:07","date_gmt":"2020-02-10T16:09:07","guid":{"rendered":"http:\/\/www.caririemacao.com\/1\/?p=152634"},"modified":"2020-02-10T14:03:26","modified_gmt":"2020-02-10T17:03:26","slug":"sisu-lista-de-espera-sera-puplicada-nesta-segunda","status":"publish","type":"post","link":"https:\/\/www.caririemacao.com\/1\/2020\/02\/10\/sisu-lista-de-espera-sera-puplicada-nesta-segunda\/","title":{"rendered":"Sisu: lista de espera ser\u00e1 publicada nesta segunda"},"content":{"rendered":"\n<p>Estudantes que fizeram a inscri\u00e7\u00e3o nas listas de espera de institui\u00e7\u00f5es de n\u00edvel superior que usam o Sistema de Sele\u00e7\u00e3o Unificada (Sisu) poder\u00e3o conferir nesta segunda-feira (10) a ordem de chamada para matr\u00edcula que ser\u00e1 publicada pelo Minist\u00e9rio da Educa\u00e7\u00e3o.<\/p>\n\n\n\n<p>A lista de espera \u00e9 um mecanismo para alocar estudantes em vagas que n\u00e3o foram ocupadas durante a primeira chamada. A escolha de duas op\u00e7\u00f5es de curso assinaladas durante o Exame Nacional de Ensino M\u00e9dio (Enem), continua valendo.<\/p>\n\n\n\n<p>Para o primeiro semestre de 2020 valer\u00e3o as notas do Enem 2019. Os resultados das provas, que foram aplicadas nos dias 3 e 10 de novembro ser\u00e3o divulgados em janeiro na&nbsp;<a rel=\"noreferrer noopener\" href=\"https:\/\/enem.inep.gov.br\/participante\/#!\/\" target=\"_blank\">P\u00e1gina do Participante<\/a>&nbsp;e no aplicativo do Enem. Para acessar, \u00e9 preciso informar CPF e senha. Ao todo, 3,9 milh\u00f5es de candidatos participaram de pelo menos um dia de prova do Enem.<\/p>\n\n\n\n<p>Informa\u00e7\u00f5es: Vitrine do Cariri<\/p>\n","protected":false},"excerpt":{"rendered":"<p>Estudantes que fizeram a inscri\u00e7\u00e3o nas listas de espera de institui\u00e7\u00f5es de n\u00edvel superior que usam o Sistema de Sele\u00e7\u00e3o Unificada (Sisu) poder\u00e3o conferir nesta&hellip; <\/p>\n","protected":false},"author":1,"featured_media":149896,"comment_status":"closed","ping_status":"closed","sticky":false,"template":"","format":"standard","meta":{"sfsi_plus_gutenberg_text_before_share":"","sfsi_plus_gutenberg_show_text_before_share":"","sfsi_plus_gutenberg_icon_type":"","sfsi_plus_gutenberg_icon_alignemt":"","sfsi_plus_gutenburg_max_per_row":"","footnotes":""},"categories":[50,14],"tags":[],"class_list":["post-152634","post","type-post","status-publish","format-standard","has-post-thumbnail","hentry","category-destaque","category-educacao"],"_links":{"self":[{"href":"https:\/\/www.caririemacao.com\/1\/wp-json\/wp\/v2\/posts\/152634","targetHints":{"allow":["GET"]}}],"collection":[{"href":"https:\/\/www.caririemacao.com\/1\/wp-json\/wp\/v2\/posts"}],"about":[{"href":"https:\/\/www.caririemacao.com\/1\/wp-json\/wp\/v2\/types\/post"}],"author":[{"embeddable":true,"href":"https:\/\/www.caririemacao.com\/1\/wp-json\/wp\/v2\/users\/1"}],"replies":[{"embeddable":true,"href":"https:\/\/www.caririemacao.com\/1\/wp-json\/wp\/v2\/comments?post=152634"}],"version-history":[{"count":3,"href":"https:\/\/www.caririemacao.com\/1\/wp-json\/wp\/v2\/posts\/152634\/revisions"}],"predecessor-version":[{"id":152675,"href":"https:\/\/www.caririemacao.com\/1\/wp-json\/wp\/v2\/posts\/152634\/revisions\/152675"}],"wp:featuredmedia":[{"embeddable":true,"href":"https:\/\/www.caririemacao.com\/1\/wp-json\/wp\/v2\/media\/149896"}],"wp:attachment":[{"href":"https:\/\/www.caririemacao.com\/1\/wp-json\/wp\/v2\/media?parent=152634"}],"wp:term":[{"taxonomy":"category","embeddable":true,"href":"https:\/\/www.caririemacao.com\/1\/wp-json\/wp\/v2\/categories?post=152634"},{"taxonomy":"post_tag","embeddable":true,"href":"https:\/\/www.caririemacao.com\/1\/wp-json\/wp\/v2\/tags?post=152634"}],"curies":[{"name":"wp","href":"https:\/\/api.w.org\/{rel}","templated":true}]}}