{"id":152639,"date":"2020-02-10T13:34:24","date_gmt":"2020-02-10T16:34:24","guid":{"rendered":"http:\/\/www.caririemacao.com\/1\/?p=152639"},"modified":"2020-02-10T13:34:25","modified_gmt":"2020-02-10T16:34:25","slug":"equipe-da-academia-da-saude-se-reune-na-prata","status":"publish","type":"post","link":"https:\/\/www.caririemacao.com\/1\/2020\/02\/10\/equipe-da-academia-da-saude-se-reune-na-prata\/","title":{"rendered":"Equipe da Academia da Sa\u00fade se re\u00fane na Prata"},"content":{"rendered":"\n<p>Na manh\u00e3 desta segunda-feira, 10, ocorreu na cidade da Prata, a primeira reuni\u00e3o da<br>equipe da Academia da sa\u00fade. <\/p>\n\n\n\n<p>O objetivo da reuni\u00e3o foi a respeito da defini\u00e7\u00e3o do cronograma di\u00e1rio de atendimento, em que na ocasi\u00e3o definiu-se a cria\u00e7\u00e3o de projetos voltados para atender: crian\u00e7as, idosos, obesos, adultos<br>e adolescentes.<\/p>\n\n\n\n<p>As fisioterapeutas Dra.Joane e Dra.Julia, estiveram presentes e levaram \u00f3timos projetos para a pauta da reuni\u00e3o, como: o projeto Chantala, e o acompanhamento aos usu\u00e1rios do CAPS, que visa trabalhar equil\u00edbrio e for\u00e7a com os usu\u00e1rios.<\/p>\n\n\n\n<p>Na ocasi\u00e3o, foi oferecido um coofe<br>break para toda a equipe que estivera presente. <\/p>\n","protected":false},"excerpt":{"rendered":"<p>Na manh\u00e3 desta segunda-feira, 10, ocorreu na cidade da Prata, a primeira reuni\u00e3o daequipe da Academia da sa\u00fade. O objetivo da reuni\u00e3o foi a respeito&hellip; <\/p>\n","protected":false},"author":1,"featured_media":152640,"comment_status":"closed","ping_status":"closed","sticky":false,"template":"","format":"standard","meta":{"sfsi_plus_gutenberg_text_before_share":"","sfsi_plus_gutenberg_show_text_before_share":"","sfsi_plus_gutenberg_icon_type":"","sfsi_plus_gutenberg_icon_alignemt":"","sfsi_plus_gutenburg_max_per_row":"","footnotes":""},"categories":[6,50],"tags":[],"class_list":["post-152639","post","type-post","status-publish","format-standard","has-post-thumbnail","hentry","category-cidades","category-destaque"],"_links":{"self":[{"href":"https:\/\/www.caririemacao.com\/1\/wp-json\/wp\/v2\/posts\/152639","targetHints":{"allow":["GET"]}}],"collection":[{"href":"https:\/\/www.caririemacao.com\/1\/wp-json\/wp\/v2\/posts"}],"about":[{"href":"https:\/\/www.caririemacao.com\/1\/wp-json\/wp\/v2\/types\/post"}],"author":[{"embeddable":true,"href":"https:\/\/www.caririemacao.com\/1\/wp-json\/wp\/v2\/users\/1"}],"replies":[{"embeddable":true,"href":"https:\/\/www.caririemacao.com\/1\/wp-json\/wp\/v2\/comments?post=152639"}],"version-history":[{"count":1,"href":"https:\/\/www.caririemacao.com\/1\/wp-json\/wp\/v2\/posts\/152639\/revisions"}],"predecessor-version":[{"id":152644,"href":"https:\/\/www.caririemacao.com\/1\/wp-json\/wp\/v2\/posts\/152639\/revisions\/152644"}],"wp:featuredmedia":[{"embeddable":true,"href":"https:\/\/www.caririemacao.com\/1\/wp-json\/wp\/v2\/media\/152640"}],"wp:attachment":[{"href":"https:\/\/www.caririemacao.com\/1\/wp-json\/wp\/v2\/media?parent=152639"}],"wp:term":[{"taxonomy":"category","embeddable":true,"href":"https:\/\/www.caririemacao.com\/1\/wp-json\/wp\/v2\/categories?post=152639"},{"taxonomy":"post_tag","embeddable":true,"href":"https:\/\/www.caririemacao.com\/1\/wp-json\/wp\/v2\/tags?post=152639"}],"curies":[{"name":"wp","href":"https:\/\/api.w.org\/{rel}","templated":true}]}}