{"id":152645,"date":"2020-02-10T13:38:05","date_gmt":"2020-02-10T16:38:05","guid":{"rendered":"http:\/\/www.caririemacao.com\/1\/?p=152645"},"modified":"2020-02-10T13:38:06","modified_gmt":"2020-02-10T16:38:06","slug":"ex-secretario-na-gestao-de-edna-henrique-anuncia-apoio-a-reeleicao-de-anna-lorena","status":"publish","type":"post","link":"https:\/\/www.caririemacao.com\/1\/2020\/02\/10\/ex-secretario-na-gestao-de-edna-henrique-anuncia-apoio-a-reeleicao-de-anna-lorena\/","title":{"rendered":"Ex-Secret\u00e1rio na gest\u00e3o de Edna Henrique anuncia apoio a reelei\u00e7\u00e3o de Anna Lorena"},"content":{"rendered":"\n<p>O ex-secret\u00e1rio municipal de Cultura e Turismo e tamb\u00e9m de Comunica\u00e7\u00e3o Social de Monteiro nas duas gest\u00f5es da ex-prefeita Edna Henrique, o empres\u00e1rio Edcarlos Farias, anunciou apoio \u00e0 reelei\u00e7\u00e3o da prefeita Anna Lorena. Ele esteve acompanhado de seu pai, o ex-vereador Heleno de Amadeu a solenidade de lan\u00e7amento do programa Cidade Trabalho 2.<\/p>\n\n\n\n<p>Edcarlos participou do lan\u00e7amento do Programa Cidade Trabalho II, e na oportunidade afirmou que o trabalho da gest\u00e3o de Anna Lorena tem melhorado a vida das pessoas, com obras e a\u00e7\u00f5es em todos o munic\u00edpio.<\/p>\n\n\n\n<p>Cogita-se nos bastidores da pol\u00edtica que o ex-secret\u00e1rio poder\u00e1 disputar uma vaga na C\u00e2mara Municipal de Monteiro.<\/p>\n\n\n\n<p><\/p>\n","protected":false},"excerpt":{"rendered":"<p>O ex-secret\u00e1rio municipal de Cultura e Turismo e tamb\u00e9m de Comunica\u00e7\u00e3o Social de Monteiro nas duas gest\u00f5es da ex-prefeita Edna Henrique, o empres\u00e1rio Edcarlos Farias,&hellip; <\/p>\n","protected":false},"author":2,"featured_media":152646,"comment_status":"closed","ping_status":"closed","sticky":false,"template":"","format":"standard","meta":{"sfsi_plus_gutenberg_text_before_share":"","sfsi_plus_gutenberg_show_text_before_share":"","sfsi_plus_gutenberg_icon_type":"","sfsi_plus_gutenberg_icon_alignemt":"","sfsi_plus_gutenburg_max_per_row":"","footnotes":""},"categories":[6],"tags":[],"class_list":["post-152645","post","type-post","status-publish","format-standard","has-post-thumbnail","hentry","category-cidades"],"_links":{"self":[{"href":"https:\/\/www.caririemacao.com\/1\/wp-json\/wp\/v2\/posts\/152645","targetHints":{"allow":["GET"]}}],"collection":[{"href":"https:\/\/www.caririemacao.com\/1\/wp-json\/wp\/v2\/posts"}],"about":[{"href":"https:\/\/www.caririemacao.com\/1\/wp-json\/wp\/v2\/types\/post"}],"author":[{"embeddable":true,"href":"https:\/\/www.caririemacao.com\/1\/wp-json\/wp\/v2\/users\/2"}],"replies":[{"embeddable":true,"href":"https:\/\/www.caririemacao.com\/1\/wp-json\/wp\/v2\/comments?post=152645"}],"version-history":[{"count":1,"href":"https:\/\/www.caririemacao.com\/1\/wp-json\/wp\/v2\/posts\/152645\/revisions"}],"predecessor-version":[{"id":152647,"href":"https:\/\/www.caririemacao.com\/1\/wp-json\/wp\/v2\/posts\/152645\/revisions\/152647"}],"wp:featuredmedia":[{"embeddable":true,"href":"https:\/\/www.caririemacao.com\/1\/wp-json\/wp\/v2\/media\/152646"}],"wp:attachment":[{"href":"https:\/\/www.caririemacao.com\/1\/wp-json\/wp\/v2\/media?parent=152645"}],"wp:term":[{"taxonomy":"category","embeddable":true,"href":"https:\/\/www.caririemacao.com\/1\/wp-json\/wp\/v2\/categories?post=152645"},{"taxonomy":"post_tag","embeddable":true,"href":"https:\/\/www.caririemacao.com\/1\/wp-json\/wp\/v2\/tags?post=152645"}],"curies":[{"name":"wp","href":"https:\/\/api.w.org\/{rel}","templated":true}]}}