{"id":152658,"date":"2020-02-10T13:48:16","date_gmt":"2020-02-10T16:48:16","guid":{"rendered":"http:\/\/www.caririemacao.com\/1\/?p=152658"},"modified":"2020-02-10T13:48:17","modified_gmt":"2020-02-10T16:48:17","slug":"prefeito-inacio-nobrega-emite-nota-de-agradecimento-a-camara-de-vereadores","status":"publish","type":"post","link":"https:\/\/www.caririemacao.com\/1\/2020\/02\/10\/prefeito-inacio-nobrega-emite-nota-de-agradecimento-a-camara-de-vereadores\/","title":{"rendered":"Prefeito In\u00e1cio N\u00f3brega emite nota de agradecimento a C\u00e2mara de Vereadores"},"content":{"rendered":"\n<p>O prefeito In\u00e1cio N\u00f3brega, agradeceu por meio de nota, ao Presidente Nelson Brito pela convoca\u00e7\u00e3o extraordin\u00e1ria para aprova\u00e7\u00e3o de credito adicional, para pagamento de contrapartida do munic\u00edpio frente aos conv\u00eanios abaixo relacionados, e o munic\u00edpio n\u00e3o ficar seu este benef\u00edcio, agradece aos vereadores presentes, onde se teve a aus\u00eancia do vereador Jo\u00e3o Lu\u00eds.<\/p>\n\n\n\n<p>Conv\u00eanio Plataforma+Brasil N\u00ba 891543\/2019, que entre si celebram a Uni\u00e3o, por interm\u00e9dio do Minist\u00e9rio da Cidadania, e o Cons\u00f3rcio Intermunicipal de Sa\u00fade do Cariri Ocidental \u2013 CISCO, em conformidade com o Programa Seguran\u00e7a Alimentar e Nutricional.<\/p>\n\n\n\n<p>Valor total \u2013 R$ 4.011.599,91 \u2013 (quatro milh\u00f5es, onze mil, quinhentos e noventa e nove reais e noventa e um centavos), Contrapartida \u2013 R$ 250.777,78 (duzentos e cinquenta mil, setecentos e setenta e sete reais e setenta e oito centavos contrapartida devida referente ao Munic\u00edpio de Amparo equivale a R$ 20.685,38 (vinte mil, seiscentos e oitenta e cinco reais e trinta e oito centavos), o que equivale a implementa\u00e7\u00e3o de 89 (oitenta e nove) cisternas, conforme definido em reuni\u00e3o ordin\u00e1ria no dia 17\/01\/2020.<\/p>\n\n\n\n<p>Fonte: Ascom<\/p>\n","protected":false},"excerpt":{"rendered":"<p>O prefeito In\u00e1cio N\u00f3brega, agradeceu por meio de nota, ao Presidente Nelson Brito pela convoca\u00e7\u00e3o extraordin\u00e1ria para aprova\u00e7\u00e3o de credito adicional, para pagamento de contrapartida&hellip; <\/p>\n","protected":false},"author":2,"featured_media":51081,"comment_status":"closed","ping_status":"closed","sticky":false,"template":"","format":"standard","meta":{"sfsi_plus_gutenberg_text_before_share":"","sfsi_plus_gutenberg_show_text_before_share":"","sfsi_plus_gutenberg_icon_type":"","sfsi_plus_gutenberg_icon_alignemt":"","sfsi_plus_gutenburg_max_per_row":"","footnotes":""},"categories":[6],"tags":[],"class_list":["post-152658","post","type-post","status-publish","format-standard","has-post-thumbnail","hentry","category-cidades"],"_links":{"self":[{"href":"https:\/\/www.caririemacao.com\/1\/wp-json\/wp\/v2\/posts\/152658","targetHints":{"allow":["GET"]}}],"collection":[{"href":"https:\/\/www.caririemacao.com\/1\/wp-json\/wp\/v2\/posts"}],"about":[{"href":"https:\/\/www.caririemacao.com\/1\/wp-json\/wp\/v2\/types\/post"}],"author":[{"embeddable":true,"href":"https:\/\/www.caririemacao.com\/1\/wp-json\/wp\/v2\/users\/2"}],"replies":[{"embeddable":true,"href":"https:\/\/www.caririemacao.com\/1\/wp-json\/wp\/v2\/comments?post=152658"}],"version-history":[{"count":1,"href":"https:\/\/www.caririemacao.com\/1\/wp-json\/wp\/v2\/posts\/152658\/revisions"}],"predecessor-version":[{"id":152659,"href":"https:\/\/www.caririemacao.com\/1\/wp-json\/wp\/v2\/posts\/152658\/revisions\/152659"}],"wp:featuredmedia":[{"embeddable":true,"href":"https:\/\/www.caririemacao.com\/1\/wp-json\/wp\/v2\/media\/51081"}],"wp:attachment":[{"href":"https:\/\/www.caririemacao.com\/1\/wp-json\/wp\/v2\/media?parent=152658"}],"wp:term":[{"taxonomy":"category","embeddable":true,"href":"https:\/\/www.caririemacao.com\/1\/wp-json\/wp\/v2\/categories?post=152658"},{"taxonomy":"post_tag","embeddable":true,"href":"https:\/\/www.caririemacao.com\/1\/wp-json\/wp\/v2\/tags?post=152658"}],"curies":[{"name":"wp","href":"https:\/\/api.w.org\/{rel}","templated":true}]}}