{"id":152663,"date":"2020-02-10T13:50:26","date_gmt":"2020-02-10T16:50:26","guid":{"rendered":"http:\/\/www.caririemacao.com\/1\/?p=152663"},"modified":"2020-02-10T13:50:28","modified_gmt":"2020-02-10T16:50:28","slug":"comeca-hoje-inscricoes-para-processo-seletivo-da-prefeitura-de-sume-na-area-da-educacao","status":"publish","type":"post","link":"https:\/\/www.caririemacao.com\/1\/2020\/02\/10\/comeca-hoje-inscricoes-para-processo-seletivo-da-prefeitura-de-sume-na-area-da-educacao\/","title":{"rendered":"Come\u00e7a hoje inscri\u00e7\u00f5es para processo seletivo da Prefeitura de Sum\u00e9 na \u00e1rea da Educa\u00e7\u00e3o"},"content":{"rendered":"\n<p>A Prefeitura de Sum\u00e9, atrav\u00e9s da Secretaria de Educa\u00e7\u00e3o, abriu processo seletivo para o cargo de auxiliar de desenvolvimento cognitivo infantil com a oferta de&nbsp;<strong>5<\/strong>&nbsp;(<strong>cinco<\/strong>) vagas e forma\u00e7\u00e3o de cadastro de reserva.<\/p>\n\n\n\n<p>As inscri\u00e7\u00f5es come\u00e7am hoje e seguem at\u00e9 amanh\u00e3 dia 11 de fevereiro (segunda e ter\u00e7a-feira), na Secretaria de Educa\u00e7\u00e3o, das 08h \u00e0s 14h.<\/p>\n\n\n\n<p>O processo de sele\u00e7\u00e3o ser\u00e1 constitu\u00eddo em duas etapas (car\u00e1ter eliminat\u00f3rio e classificat\u00f3rio) \u2013&nbsp;<strong>an\u00e1lise curricular<\/strong>&nbsp;<strong>e entrevista.<\/strong><\/p>\n\n\n\n<p>Entre os requisitos est\u00e3o: ter idade m\u00ednima de 18 (dezoito) anos completos na data da assinatura do contrato; possuir o ensino m\u00e9dio com experi\u00eancia de dois anos na \u00e1rea da Educa\u00e7\u00e3o.<\/p>\n\n\n\n<p>A remunera\u00e7\u00e3o \u00e9 de R$ 1.063,98 para carga hor\u00e1ria de 40 horas semanal.<\/p>\n\n\n\n<p>O resultado preliminar do Processo de Sele\u00e7\u00e3o Simplificada ser\u00e1 divulgado no dia 14 de fevereiro de 2020. O resultado final ser\u00e1 divulgado no dia 17 de fevereiro.<\/p>\n\n\n\n<p><strong>O profissional de auxiliar de Desenvolvimento Cognitivo atua em sala de aula e entre as atribui\u00e7\u00f5es do cargo est\u00e3o:<\/strong><\/p>\n\n\n\n<p>\u2013 Executar sob supervis\u00e3o, servi\u00e7os de atendimento \u00e0s crian\u00e7as em suas necessidades di\u00e1rias, cuidando da&nbsp; alimenta\u00e7\u00e3o, higiene e recrea\u00e7\u00e3o;<\/p>\n\n\n\n<p>\u2013 auxiliar as atividades recreativas das crian\u00e7as na creche-escola, incentivando as brincadeiras em grupo para estimular o seu desenvolvimento f\u00edsico e mental;<\/p>\n\n\n\n<p>\u2013 orientar as crian\u00e7as quanto \u00e0s condi\u00e7\u00f5es de higiene, auxiliando-as no banho, vestir e cal\u00e7ar;<\/p>\n\n\n\n<p>\u2013 pentear e guardar pertences, para garantir o seu bem-estar;<\/p>\n\n\n\n<p>\u2013 auxiliar nas refei\u00e7\u00f5es, alimentando as crian\u00e7as ou orientando-as sobre o comportamento \u00e0 mesa;<\/p>\n\n\n\n<p>\u2013 controlar os hor\u00e1rios de repouso das crian\u00e7as, preparando a cama, ajudando-as na troca da roupa para assegurar o seu bem-estar e sa\u00fade;<\/p>\n\n\n\n<p>\u2013 colaborar com profissionais de ensino visando o aprendizado das crian\u00e7as e<\/p>\n\n\n\n<p>\u2013 executar outras tarefas correlatas orientadas pelo professor.<\/p>\n\n\n\n<p>Ascom PMS<\/p>\n","protected":false},"excerpt":{"rendered":"<p>A Prefeitura de Sum\u00e9, atrav\u00e9s da Secretaria de Educa\u00e7\u00e3o, abriu processo seletivo para o cargo de auxiliar de desenvolvimento cognitivo infantil com a oferta de&nbsp;5&nbsp;(cinco)&hellip; <\/p>\n","protected":false},"author":2,"featured_media":152664,"comment_status":"closed","ping_status":"closed","sticky":false,"template":"","format":"standard","meta":{"sfsi_plus_gutenberg_text_before_share":"","sfsi_plus_gutenberg_show_text_before_share":"","sfsi_plus_gutenberg_icon_type":"","sfsi_plus_gutenberg_icon_alignemt":"","sfsi_plus_gutenburg_max_per_row":"","footnotes":""},"categories":[2],"tags":[],"class_list":["post-152663","post","type-post","status-publish","format-standard","has-post-thumbnail","hentry","category-geral"],"_links":{"self":[{"href":"https:\/\/www.caririemacao.com\/1\/wp-json\/wp\/v2\/posts\/152663","targetHints":{"allow":["GET"]}}],"collection":[{"href":"https:\/\/www.caririemacao.com\/1\/wp-json\/wp\/v2\/posts"}],"about":[{"href":"https:\/\/www.caririemacao.com\/1\/wp-json\/wp\/v2\/types\/post"}],"author":[{"embeddable":true,"href":"https:\/\/www.caririemacao.com\/1\/wp-json\/wp\/v2\/users\/2"}],"replies":[{"embeddable":true,"href":"https:\/\/www.caririemacao.com\/1\/wp-json\/wp\/v2\/comments?post=152663"}],"version-history":[{"count":1,"href":"https:\/\/www.caririemacao.com\/1\/wp-json\/wp\/v2\/posts\/152663\/revisions"}],"predecessor-version":[{"id":152665,"href":"https:\/\/www.caririemacao.com\/1\/wp-json\/wp\/v2\/posts\/152663\/revisions\/152665"}],"wp:featuredmedia":[{"embeddable":true,"href":"https:\/\/www.caririemacao.com\/1\/wp-json\/wp\/v2\/media\/152664"}],"wp:attachment":[{"href":"https:\/\/www.caririemacao.com\/1\/wp-json\/wp\/v2\/media?parent=152663"}],"wp:term":[{"taxonomy":"category","embeddable":true,"href":"https:\/\/www.caririemacao.com\/1\/wp-json\/wp\/v2\/categories?post=152663"},{"taxonomy":"post_tag","embeddable":true,"href":"https:\/\/www.caririemacao.com\/1\/wp-json\/wp\/v2\/tags?post=152663"}],"curies":[{"name":"wp","href":"https:\/\/api.w.org\/{rel}","templated":true}]}}