{"id":152677,"date":"2020-02-10T15:49:13","date_gmt":"2020-02-10T18:49:13","guid":{"rendered":"http:\/\/www.caririemacao.com\/1\/?p=152677"},"modified":"2020-02-10T15:49:15","modified_gmt":"2020-02-10T18:49:15","slug":"banco-do-brasil-confirma-concurso-publico-em-2020-diz-site","status":"publish","type":"post","link":"https:\/\/www.caririemacao.com\/1\/2020\/02\/10\/banco-do-brasil-confirma-concurso-publico-em-2020-diz-site\/","title":{"rendered":"Banco do Brasil confirma concurso p\u00fablico em 2020, diz site"},"content":{"rendered":"\n<p>O Banco do Brasil confirmou a realiza\u00e7\u00e3o de um concurso p\u00fablico em 2020. A informa\u00e7\u00e3o \u00e9 do site especializado em concurso p\u00fablico, Folha Dirigida.&nbsp;<\/p>\n\n\n\n<p>De acordo com informa\u00e7\u00f5es da assessoria de imprensa, a&nbsp;previs\u00e3o de divulga\u00e7\u00e3o seria em mar\u00e7o.&nbsp;<\/p>\n\n\n\n<p>A banca organizadora do concurso para contrata\u00e7\u00e3o de escritur\u00e1rios para a \u00e1rea de tecnologia j\u00e1 foi escolhida como tamb\u00e9m o edital est\u00e1 sendo elaborado. Tamb\u00e9m \u00e9 poss\u00edvel que tenha vagas para&nbsp;o escritur\u00e1rio generalista, aquele com o perfil mais tradicional, com atua\u00e7\u00e3o em atividades banc\u00e1rias\/administrativas.<\/p>\n\n\n\n<p>Os interessados precisam ter o ensino m\u00e9dio.<\/p>\n\n\n\n<p>O escritur\u00e1rio deve receber um sal\u00e1rio de&nbsp;R$4.036,56, valor que j\u00e1 inclui os aux\u00edlios refei\u00e7\u00e3o e alimenta\u00e7\u00e3o, para carga de 30 horas por semana. Al\u00e9m disso,&nbsp;ainda ter\u00e1 direito a aux\u00edlio-transporte, participa\u00e7\u00e3o nos lucros, que geralmente, paga duas vezes ao ano, planos de sa\u00fade e odontol\u00f3gico, previd\u00eancia privada com participa\u00e7\u00e3o do banco, aux\u00edlio-creche\/bab\u00e1,&nbsp;aux\u00edlio ao filho com defici\u00eancia e tem possibilidade de crescimento dentro da empresa.&nbsp;<br><\/p>\n\n\n\n<p>Ainda segundo o site, o concurso acontece em diversos estados do Brasil, incluindo o Rio de Janeiro, al\u00e9m do Distrito Federal.<br><\/p>\n\n\n\n<p>O site n\u00e3o divulgou a quantidade de vagas a serem oferecidas no concurso p\u00fablico.&nbsp;<\/p>\n","protected":false},"excerpt":{"rendered":"<p>O Banco do Brasil confirmou a realiza\u00e7\u00e3o de um concurso p\u00fablico em 2020. A informa\u00e7\u00e3o \u00e9 do site especializado em concurso p\u00fablico, Folha Dirigida.&nbsp; De&hellip; <\/p>\n","protected":false},"author":2,"featured_media":144233,"comment_status":"closed","ping_status":"closed","sticky":false,"template":"","format":"standard","meta":{"sfsi_plus_gutenberg_text_before_share":"","sfsi_plus_gutenberg_show_text_before_share":"","sfsi_plus_gutenberg_icon_type":"","sfsi_plus_gutenberg_icon_alignemt":"","sfsi_plus_gutenburg_max_per_row":"","footnotes":""},"categories":[2],"tags":[],"class_list":["post-152677","post","type-post","status-publish","format-standard","has-post-thumbnail","hentry","category-geral"],"_links":{"self":[{"href":"https:\/\/www.caririemacao.com\/1\/wp-json\/wp\/v2\/posts\/152677","targetHints":{"allow":["GET"]}}],"collection":[{"href":"https:\/\/www.caririemacao.com\/1\/wp-json\/wp\/v2\/posts"}],"about":[{"href":"https:\/\/www.caririemacao.com\/1\/wp-json\/wp\/v2\/types\/post"}],"author":[{"embeddable":true,"href":"https:\/\/www.caririemacao.com\/1\/wp-json\/wp\/v2\/users\/2"}],"replies":[{"embeddable":true,"href":"https:\/\/www.caririemacao.com\/1\/wp-json\/wp\/v2\/comments?post=152677"}],"version-history":[{"count":1,"href":"https:\/\/www.caririemacao.com\/1\/wp-json\/wp\/v2\/posts\/152677\/revisions"}],"predecessor-version":[{"id":152678,"href":"https:\/\/www.caririemacao.com\/1\/wp-json\/wp\/v2\/posts\/152677\/revisions\/152678"}],"wp:featuredmedia":[{"embeddable":true,"href":"https:\/\/www.caririemacao.com\/1\/wp-json\/wp\/v2\/media\/144233"}],"wp:attachment":[{"href":"https:\/\/www.caririemacao.com\/1\/wp-json\/wp\/v2\/media?parent=152677"}],"wp:term":[{"taxonomy":"category","embeddable":true,"href":"https:\/\/www.caririemacao.com\/1\/wp-json\/wp\/v2\/categories?post=152677"},{"taxonomy":"post_tag","embeddable":true,"href":"https:\/\/www.caririemacao.com\/1\/wp-json\/wp\/v2\/tags?post=152677"}],"curies":[{"name":"wp","href":"https:\/\/api.w.org\/{rel}","templated":true}]}}