{"id":152684,"date":"2020-02-10T17:37:55","date_gmt":"2020-02-10T20:37:55","guid":{"rendered":"http:\/\/www.caririemacao.com\/1\/?p=152684"},"modified":"2020-02-10T18:22:36","modified_gmt":"2020-02-10T21:22:36","slug":"prefeito-jefferson-anuncia-2-encontro-cariri-e-o-semiarido-do-tamanho-do-brasil","status":"publish","type":"post","link":"https:\/\/www.caririemacao.com\/1\/2020\/02\/10\/prefeito-jefferson-anuncia-2-encontro-cariri-e-o-semiarido-do-tamanho-do-brasil\/","title":{"rendered":"Prefeito Jefferson anuncia 2\u00b0 encontro &#8220;Cariri e o Semi\u00e1rido do tamanho do Brasil&#8221;"},"content":{"rendered":"\n<p><br>Na pr\u00f3xima sexta-feira, 14, acontecer\u00e1 na cidade de S\u00e3o Jos\u00e9 dos Cordeiros, o 2\u00b0  encontro com o tema: Cariri e o semi\u00e1rido do tamanho do Brasil. Para discutir o crescimento do Cariri Paraibano, sob a \u00f3tica de v\u00e1rios Professores Universit\u00e1rios e de Especialistas sobre o tema.<\/p>\n\n\n\n<p>O an\u00fancio foi feito pelo prefeito de S\u00e3o Jos\u00e9 dos Cordeiros, Jefferson Roberto, anunciou em sua rede social, onde divulgou o local do evento que ser\u00e1 no Audit\u00f3rio do CRAS, localizado na Rua Maria Helena de<br>Brito, S\/N, em S\u00e3o Jos\u00e9 dos Cordeiros\/PB.<\/p>\n\n\n\n<p>Confira a programa\u00e7\u00e3o: <\/p>\n\n\n\n<p>09h &#8211; Abertura, Exmo. Sr. Jefferson Roberto do N. P. da Silva &#8211; Prefeito de S\u00e3o Jos\u00e9 dos Cordeiros, Os Objetivos do F\u00f3rum e os Cadernos do Semi\u00e1rido Eng. Civil e Professor M\u00e1rio de Oliveira Antonino &#8211; Coordenador do F\u00f3rum;<br>\u00c0s 9h30 &#8211; Riquezas e Oportunidades oferecidas pelo Cariri Paraibano<br>Eng. Agr\u00f4nomo e Professor Geraldo Eug\u00eanio de Fran\u00e7a. <\/p>\n\n\n\n<p>\u00c0s 10h20 &#8211; Tecnologias de Uso Eficiente de \u00c1gua na Pecu\u00e1ria Regional Prof. Tiago G. P. Ara\u00fajo UFCG\/CDSA;<\/p>\n\n\n\n<p>\u00c0s 11h10 &#8211; Resultados alcan\u00e7ados com o Programa \u00c1gua Doce no Estado da Para\u00edba<br>Dr. Robi Tabolka &#8211; Coordenador do Programa \u00c1gua Doce no Estado da Para\u00edba;<\/p>\n\n\n\n<p>\u00c0s 12h &#8211; Intervalo para almo\u00e7o;<\/p>\n\n\n\n<p>\u00c1s 13h30 &#8211; Desenvolvimento Tecnol\u00f3gico e Inova\u00e7\u00e3o no Semi\u00e1rido Brasileiro, com o Prof. Nilton Silva &#8211; Diretor da UFCG e da Funda\u00e7\u00e3o Parque Tecnol\u00f3gico da Para\u00edba; <\/p>\n\n\n\n<p>\u00c0s 14h30 &#8211; Inova\u00e7\u00e3o Tecnol\u00f3gica do Sebrae no Semi\u00e1rido do Estado da Para\u00edba Jo\u00e3o Bosco da Silva &#8211; Analista T\u00e9cnico e Gestor do programa Agronordeste &#8211; PB;<\/p>\n\n\n\n<p>\u00c0s 15h30 &#8211; Discuss\u00e3o \/ Coment\u00e1rios \/ Sugest\u00f5es dos participantes Media\u00e7\u00e3o pelo Eng. Civil e Professor M\u00e1rio Antonino;<\/p>\n\n\n\n<p>\u00c0s 16:15 &#8211; Encerramento &#8211; Prefeito de S\u00e3o Jos\u00e9 dos Cordeiros Jefferson Roberto do N. P. da Silva, Academia Pemancara de Eng . APEENG Rotare Shadese 13 de Engenharia Zone e lire CREA-PE.<\/p>\n","protected":false},"excerpt":{"rendered":"<p>Na pr\u00f3xima sexta-feira, 14, acontecer\u00e1 na cidade de S\u00e3o Jos\u00e9 dos Cordeiros, o 2\u00b0 encontro com o tema: Cariri e o semi\u00e1rido do tamanho do&hellip; <\/p>\n","protected":false},"author":1,"featured_media":30380,"comment_status":"closed","ping_status":"closed","sticky":false,"template":"","format":"standard","meta":{"sfsi_plus_gutenberg_text_before_share":"","sfsi_plus_gutenberg_show_text_before_share":"","sfsi_plus_gutenberg_icon_type":"","sfsi_plus_gutenberg_icon_alignemt":"","sfsi_plus_gutenburg_max_per_row":"","footnotes":""},"categories":[6,50],"tags":[],"class_list":["post-152684","post","type-post","status-publish","format-standard","has-post-thumbnail","hentry","category-cidades","category-destaque"],"_links":{"self":[{"href":"https:\/\/www.caririemacao.com\/1\/wp-json\/wp\/v2\/posts\/152684","targetHints":{"allow":["GET"]}}],"collection":[{"href":"https:\/\/www.caririemacao.com\/1\/wp-json\/wp\/v2\/posts"}],"about":[{"href":"https:\/\/www.caririemacao.com\/1\/wp-json\/wp\/v2\/types\/post"}],"author":[{"embeddable":true,"href":"https:\/\/www.caririemacao.com\/1\/wp-json\/wp\/v2\/users\/1"}],"replies":[{"embeddable":true,"href":"https:\/\/www.caririemacao.com\/1\/wp-json\/wp\/v2\/comments?post=152684"}],"version-history":[{"count":2,"href":"https:\/\/www.caririemacao.com\/1\/wp-json\/wp\/v2\/posts\/152684\/revisions"}],"predecessor-version":[{"id":152687,"href":"https:\/\/www.caririemacao.com\/1\/wp-json\/wp\/v2\/posts\/152684\/revisions\/152687"}],"wp:featuredmedia":[{"embeddable":true,"href":"https:\/\/www.caririemacao.com\/1\/wp-json\/wp\/v2\/media\/30380"}],"wp:attachment":[{"href":"https:\/\/www.caririemacao.com\/1\/wp-json\/wp\/v2\/media?parent=152684"}],"wp:term":[{"taxonomy":"category","embeddable":true,"href":"https:\/\/www.caririemacao.com\/1\/wp-json\/wp\/v2\/categories?post=152684"},{"taxonomy":"post_tag","embeddable":true,"href":"https:\/\/www.caririemacao.com\/1\/wp-json\/wp\/v2\/tags?post=152684"}],"curies":[{"name":"wp","href":"https:\/\/api.w.org\/{rel}","templated":true}]}}