{"id":152688,"date":"2020-02-10T19:45:03","date_gmt":"2020-02-10T22:45:03","guid":{"rendered":"http:\/\/www.caririemacao.com\/1\/?p=152688"},"modified":"2020-02-10T19:45:05","modified_gmt":"2020-02-10T22:45:05","slug":"prata-secretaria-de-saude-da-inicio-a-campanha-de-vacinacao-contra-o-sarampo","status":"publish","type":"post","link":"https:\/\/www.caririemacao.com\/1\/2020\/02\/10\/prata-secretaria-de-saude-da-inicio-a-campanha-de-vacinacao-contra-o-sarampo\/","title":{"rendered":"Prata: Secretaria de Sa\u00fade d\u00e1 in\u00edcio a Campanha de Vacina\u00e7\u00e3o contra o Sarampo"},"content":{"rendered":"\n<p>A prefeitura da Prata, por meio da Secretaria Municipal de Sa\u00fade deu in\u00edcio nesta segunda feira, (10), a Campanha de Vacina\u00e7\u00e3o contra o Sarampo, que segue at\u00e9 o dia 13 de mar\u00e7o. <\/p>\n\n\n\n<p>O p\u00fablico Alvo que ser\u00e1 atendido nesta Campanha, ser\u00e3o crian\u00e7as e adolescentes com idade de 5 a 19 anos. Que Nunca tomou a vacina ou apenas tomou uma dose.<\/p>\n\n\n\n<p>O Grande Dia, conhecido como o dia D ser\u00e1 no dia 15 de fevereiro. A Secretaria de Sa\u00fade alerta a todos os pais para se atentarem a essas datas, e levarem seus filhos, para se vacinar. Avisando que a preven\u00e7\u00e3o \u00e9 sempre a \u00fanica sa\u00edda.<br><\/p>\n","protected":false},"excerpt":{"rendered":"<p>A prefeitura da Prata, por meio da Secretaria Municipal de Sa\u00fade deu in\u00edcio nesta segunda feira, (10), a Campanha de Vacina\u00e7\u00e3o contra o Sarampo, que&hellip; <\/p>\n","protected":false},"author":1,"featured_media":152689,"comment_status":"closed","ping_status":"closed","sticky":false,"template":"","format":"standard","meta":{"sfsi_plus_gutenberg_text_before_share":"","sfsi_plus_gutenberg_show_text_before_share":"","sfsi_plus_gutenberg_icon_type":"","sfsi_plus_gutenberg_icon_alignemt":"","sfsi_plus_gutenburg_max_per_row":"","footnotes":""},"categories":[6,50],"tags":[],"class_list":["post-152688","post","type-post","status-publish","format-standard","has-post-thumbnail","hentry","category-cidades","category-destaque"],"_links":{"self":[{"href":"https:\/\/www.caririemacao.com\/1\/wp-json\/wp\/v2\/posts\/152688","targetHints":{"allow":["GET"]}}],"collection":[{"href":"https:\/\/www.caririemacao.com\/1\/wp-json\/wp\/v2\/posts"}],"about":[{"href":"https:\/\/www.caririemacao.com\/1\/wp-json\/wp\/v2\/types\/post"}],"author":[{"embeddable":true,"href":"https:\/\/www.caririemacao.com\/1\/wp-json\/wp\/v2\/users\/1"}],"replies":[{"embeddable":true,"href":"https:\/\/www.caririemacao.com\/1\/wp-json\/wp\/v2\/comments?post=152688"}],"version-history":[{"count":2,"href":"https:\/\/www.caririemacao.com\/1\/wp-json\/wp\/v2\/posts\/152688\/revisions"}],"predecessor-version":[{"id":152691,"href":"https:\/\/www.caririemacao.com\/1\/wp-json\/wp\/v2\/posts\/152688\/revisions\/152691"}],"wp:featuredmedia":[{"embeddable":true,"href":"https:\/\/www.caririemacao.com\/1\/wp-json\/wp\/v2\/media\/152689"}],"wp:attachment":[{"href":"https:\/\/www.caririemacao.com\/1\/wp-json\/wp\/v2\/media?parent=152688"}],"wp:term":[{"taxonomy":"category","embeddable":true,"href":"https:\/\/www.caririemacao.com\/1\/wp-json\/wp\/v2\/categories?post=152688"},{"taxonomy":"post_tag","embeddable":true,"href":"https:\/\/www.caririemacao.com\/1\/wp-json\/wp\/v2\/tags?post=152688"}],"curies":[{"name":"wp","href":"https:\/\/api.w.org\/{rel}","templated":true}]}}