{"id":152692,"date":"2020-02-10T23:46:12","date_gmt":"2020-02-11T02:46:12","guid":{"rendered":"http:\/\/www.caririemacao.com\/1\/?p=152692"},"modified":"2020-02-10T23:46:13","modified_gmt":"2020-02-11T02:46:13","slug":"prefeitura-de-amparo-consegue-recursos-para-a-construcao-de-cisternas","status":"publish","type":"post","link":"https:\/\/www.caririemacao.com\/1\/2020\/02\/10\/prefeitura-de-amparo-consegue-recursos-para-a-construcao-de-cisternas\/","title":{"rendered":"Prefeitura de Amparo consegue recursos para a constru\u00e7\u00e3o de cisternas"},"content":{"rendered":"\n<p>A Prefeitura Municipal de Amparo realizou nesta segunda-feira (10), junto ao Cons\u00f3rcio Intermunicipal de Sa\u00fade do Cariri Ocidental (CISCO), o pagamento referente a contrapartida para a constru\u00e7\u00e3o de cisternas do Programa \u00c1gua1 no munic\u00edpio de Amparo.<\/p>\n\n\n\n<p>De acordo com o prefeito In\u00e1cio, o total pago foi de R$ 20.685,38 (vinte mil, seiscentos e oitenta e cinco reais e trinta e oito centavos), o que equivale a implementa\u00e7\u00e3o de 89 (oitenta e nove) cisternas, conforme definido em reuni\u00e3o no \u00faltimo dia 17 de janeiro deste ano, na sede da entidade no munic\u00edpio de Sum\u00e9. <\/p>\n\n\n\n<p>In\u00e1cio N\u00f3brega ainda informou que sua gest\u00e3o sempre esteve e estar\u00e1 a disposi\u00e7\u00e3o dos amparenses na busca de melhor qualidade de vida.<br> <\/p>\n","protected":false},"excerpt":{"rendered":"<p>A Prefeitura Municipal de Amparo realizou nesta segunda-feira (10), junto ao Cons\u00f3rcio Intermunicipal de Sa\u00fade do Cariri Ocidental (CISCO), o pagamento referente a contrapartida para&hellip; <\/p>\n","protected":false},"author":1,"featured_media":152702,"comment_status":"closed","ping_status":"closed","sticky":false,"template":"","format":"standard","meta":{"sfsi_plus_gutenberg_text_before_share":"","sfsi_plus_gutenberg_show_text_before_share":"","sfsi_plus_gutenberg_icon_type":"","sfsi_plus_gutenberg_icon_alignemt":"","sfsi_plus_gutenburg_max_per_row":"","footnotes":""},"categories":[6,50],"tags":[],"class_list":["post-152692","post","type-post","status-publish","format-standard","has-post-thumbnail","hentry","category-cidades","category-destaque"],"_links":{"self":[{"href":"https:\/\/www.caririemacao.com\/1\/wp-json\/wp\/v2\/posts\/152692","targetHints":{"allow":["GET"]}}],"collection":[{"href":"https:\/\/www.caririemacao.com\/1\/wp-json\/wp\/v2\/posts"}],"about":[{"href":"https:\/\/www.caririemacao.com\/1\/wp-json\/wp\/v2\/types\/post"}],"author":[{"embeddable":true,"href":"https:\/\/www.caririemacao.com\/1\/wp-json\/wp\/v2\/users\/1"}],"replies":[{"embeddable":true,"href":"https:\/\/www.caririemacao.com\/1\/wp-json\/wp\/v2\/comments?post=152692"}],"version-history":[{"count":3,"href":"https:\/\/www.caririemacao.com\/1\/wp-json\/wp\/v2\/posts\/152692\/revisions"}],"predecessor-version":[{"id":152703,"href":"https:\/\/www.caririemacao.com\/1\/wp-json\/wp\/v2\/posts\/152692\/revisions\/152703"}],"wp:featuredmedia":[{"embeddable":true,"href":"https:\/\/www.caririemacao.com\/1\/wp-json\/wp\/v2\/media\/152702"}],"wp:attachment":[{"href":"https:\/\/www.caririemacao.com\/1\/wp-json\/wp\/v2\/media?parent=152692"}],"wp:term":[{"taxonomy":"category","embeddable":true,"href":"https:\/\/www.caririemacao.com\/1\/wp-json\/wp\/v2\/categories?post=152692"},{"taxonomy":"post_tag","embeddable":true,"href":"https:\/\/www.caririemacao.com\/1\/wp-json\/wp\/v2\/tags?post=152692"}],"curies":[{"name":"wp","href":"https:\/\/api.w.org\/{rel}","templated":true}]}}