{"id":152704,"date":"2020-02-11T06:52:50","date_gmt":"2020-02-11T09:52:50","guid":{"rendered":"http:\/\/www.caririemacao.com\/1\/?p=152704"},"modified":"2020-02-11T06:52:52","modified_gmt":"2020-02-11T09:52:52","slug":"tj-marca-para-maio-nova-audiencia-de-instrucao-e-julgamento-de-livania-e-daniel","status":"publish","type":"post","link":"https:\/\/www.caririemacao.com\/1\/2020\/02\/11\/tj-marca-para-maio-nova-audiencia-de-instrucao-e-julgamento-de-livania-e-daniel\/","title":{"rendered":"TJ marca para maio nova audi\u00eancia de instru\u00e7\u00e3o e julgamento de Liv\u00e2nia e Daniel"},"content":{"rendered":"\n<p> O juiz Giovanni Magalh\u00e3es Porto, titular da unidade, determinou, ainda, a expedi\u00e7\u00e3o de carta precat\u00f3ria para qualifica\u00e7\u00e3o e interrogat\u00f3rio do acusado Daniel Gomes, com prazo de 40 dias para cumprimento, bem como a intima\u00e7\u00e3o das testemunhas e declarantes, expedindo-se precat\u00f3ria para os que residem em outras comarcas, com o mesmo prazo.<\/p>\n\n\n\n<p>Conforme a decis\u00e3o, os acusados Livania Maria, Leandro Nunes e Daniel Gomes n\u00e3o rebateram a den\u00fancia, limitando-se a informar que realizaram acordos de colabora\u00e7\u00e3o premiada com o Minist\u00e9rio P\u00fablico j\u00e1 homologados pelo Poder Judici\u00e1rio. J\u00e1 os acusados Maria Aparecida de Oliveira e Elvis Rodrigues Farias negaram a imputa\u00e7\u00e3o, sem apresentar qualquer preliminar que ensejasse a rejei\u00e7\u00e3o da den\u00fancia.<\/p>\n\n\n\n<p>Apenas a defesa de Michelle Cardozo apresentou preliminares, aduzindo, em s\u00edntese, a in\u00e9pcia da acusa\u00e7\u00e3o e a aus\u00eancia de justa causa para a a\u00e7\u00e3o penal, seja, respectivamente, pela aus\u00eancia de descri\u00e7\u00e3o concreta e individualizada da conduta t\u00edpica que lhe foi imputada, seja por ter apenas cumprido, segundo alega, ordens em subordina\u00e7\u00e3o trabalhista as determina\u00e7\u00f5es emanadas do seu chefe, o acusado Daniel Gomes da Silva, sem qualquer ganho patrimonial acima de sua renda.<\/p>\n\n\n\n<p>A preliminar foi rejeitada, pois o juiz entendeu que os argumentos expostos pela acusada quanto \u00e0 n\u00e3o participa\u00e7\u00e3o no esquema necessitar\u00e3o de aprecia\u00e7\u00e3o conjunta com as provas a serem produzidas durante a instru\u00e7\u00e3o processual do feito. O magistrado tamb\u00e9m entendeu que n\u00e3o havia como, no momento, acatar a alega\u00e7\u00e3o de que a conduta corresponderia a crime eleitoral de compet\u00eancia da Justi\u00e7a Eleitoral, dependendo da realiza\u00e7\u00e3o da instru\u00e7\u00e3o.<\/p>\n\n\n\n<p>No processo n\u00ba 0003135-73.2019.815.2002, consta que Liv\u00e2nia Maria da Silva Farias e Leandro Nunes Azevedo foram denunciados como incursos no artigo 317 (corrup\u00e7\u00e3o passiva), \u00a7 1\u00ba c\/c artigo 327, \u00a7 2\u00ba (recebimento de vantagem indevida por ocupantes de cargo p\u00fablico), al\u00e9m do tipo previsto no artigo 1\u00ba, caput, e \u00a7 4\u00ba da Lei 9.613\/1988 (que disp\u00f5e sobre os crimes de \u201clavagem\u201d ou oculta\u00e7\u00e3o de bens, direitos e valores), c\/c artigo 62, e artigos 29 e 69 do C\u00f3digo Penal, que tratam de penas.<\/p>\n\n\n\n<p>Os r\u00e9us Elvis Rodrigues Farias e Maria Aparecida de Oliveira s\u00e3o acusados pela imputa\u00e7\u00e3o dos crimes previsto no artigo 1\u00ba, caput, e \u00a7 4\u00ba da Lei 9.613\/1988, e no artigo 299, caput, (omitir, em documento p\u00fablico ou particular, declara\u00e7\u00e3o que dele devia constar, ou nele inserir ou fazer inserir declara\u00e7\u00e3o falsa), c\/c artigo 29 e 69 do CP.<\/p>\n\n\n\n<p>J\u00e1 em rela\u00e7\u00e3o a Daniel Gomes e Michele Luzada foi imputada a pr\u00e1tica do crime do artigo 333 (corrup\u00e7\u00e3o ativa), par\u00e1grafo \u00fanico c\/c 29, ambos do C\u00f3digo Penal.<\/p>\n\n\n\n<p>A Opera\u00e7\u00e3o Calv\u00e1rio foi desencadeada no dia 14 de dezembro de 2018 para investigar n\u00facleos de uma organiza\u00e7\u00e3o criminosa, gerida por Daniel Gomes da Silva, que se valeu da Cruz Vermelha Brasil \u2013 filial do Rio Grande do Sul (CVB\/RS) e do Ipcep como instrumentos para a operacionaliza\u00e7\u00e3o de um esquema de propina no Estado da Para\u00edba. A organiza\u00e7\u00e3o seria respons\u00e1vel por desvio de recursos p\u00fablicos, corrup\u00e7\u00e3o, lavagem de dinheiro e peculato, atrav\u00e9s de contratos firmados junto a unidades de sa\u00fade do Estado.<\/p>\n","protected":false},"excerpt":{"rendered":"<p>O juiz Giovanni Magalh\u00e3es Porto, titular da unidade, determinou, ainda, a expedi\u00e7\u00e3o de carta precat\u00f3ria para qualifica\u00e7\u00e3o e interrogat\u00f3rio do acusado Daniel Gomes, com prazo&hellip; <\/p>\n","protected":false},"author":2,"featured_media":152705,"comment_status":"closed","ping_status":"closed","sticky":false,"template":"","format":"standard","meta":{"sfsi_plus_gutenberg_text_before_share":"","sfsi_plus_gutenberg_show_text_before_share":"","sfsi_plus_gutenberg_icon_type":"","sfsi_plus_gutenberg_icon_alignemt":"","sfsi_plus_gutenburg_max_per_row":"","footnotes":""},"categories":[2],"tags":[],"class_list":["post-152704","post","type-post","status-publish","format-standard","has-post-thumbnail","hentry","category-geral"],"_links":{"self":[{"href":"https:\/\/www.caririemacao.com\/1\/wp-json\/wp\/v2\/posts\/152704","targetHints":{"allow":["GET"]}}],"collection":[{"href":"https:\/\/www.caririemacao.com\/1\/wp-json\/wp\/v2\/posts"}],"about":[{"href":"https:\/\/www.caririemacao.com\/1\/wp-json\/wp\/v2\/types\/post"}],"author":[{"embeddable":true,"href":"https:\/\/www.caririemacao.com\/1\/wp-json\/wp\/v2\/users\/2"}],"replies":[{"embeddable":true,"href":"https:\/\/www.caririemacao.com\/1\/wp-json\/wp\/v2\/comments?post=152704"}],"version-history":[{"count":1,"href":"https:\/\/www.caririemacao.com\/1\/wp-json\/wp\/v2\/posts\/152704\/revisions"}],"predecessor-version":[{"id":152706,"href":"https:\/\/www.caririemacao.com\/1\/wp-json\/wp\/v2\/posts\/152704\/revisions\/152706"}],"wp:featuredmedia":[{"embeddable":true,"href":"https:\/\/www.caririemacao.com\/1\/wp-json\/wp\/v2\/media\/152705"}],"wp:attachment":[{"href":"https:\/\/www.caririemacao.com\/1\/wp-json\/wp\/v2\/media?parent=152704"}],"wp:term":[{"taxonomy":"category","embeddable":true,"href":"https:\/\/www.caririemacao.com\/1\/wp-json\/wp\/v2\/categories?post=152704"},{"taxonomy":"post_tag","embeddable":true,"href":"https:\/\/www.caririemacao.com\/1\/wp-json\/wp\/v2\/tags?post=152704"}],"curies":[{"name":"wp","href":"https:\/\/api.w.org\/{rel}","templated":true}]}}