{"id":152716,"date":"2020-02-11T06:59:57","date_gmt":"2020-02-11T09:59:57","guid":{"rendered":"http:\/\/www.caririemacao.com\/1\/?p=152716"},"modified":"2020-02-11T06:59:59","modified_gmt":"2020-02-11T09:59:59","slug":"abertas-as-inscricoes-para-16a-olimpiada-brasileira-de-matematica-de-escolas-publicas","status":"publish","type":"post","link":"https:\/\/www.caririemacao.com\/1\/2020\/02\/11\/abertas-as-inscricoes-para-16a-olimpiada-brasileira-de-matematica-de-escolas-publicas\/","title":{"rendered":"Abertas as inscri\u00e7\u00f5es para 16\u00aa Olimp\u00edada Brasileira de Matem\u00e1tica de Escolas P\u00fablicas"},"content":{"rendered":"\n<p>As inscri\u00e7\u00f5es para a 16\u00aa Olimp\u00edada Brasileira de Matem\u00e1tica das Escolas P\u00fablicas -Obmep, de 2020 abrem nesta segunda-feira, 10 de fevereiro, e v\u00e3o at\u00e9 20 de mar\u00e7o.<\/p>\n\n\n\n<p>As escolas dever\u00e3o realizar a inscri\u00e7\u00e3o dos estudantes no&nbsp;<a href=\"http:\/\/www.obmep.org.br\/\" target=\"_blank\" rel=\"noreferrer noopener\">site<\/a>&nbsp;da www.Obmep.org.br.<\/p>\n\n\n\n<p>Criada em 2005, a Obmep tem o objetivo de estimular o estudo da matem\u00e1tica, identificar jovens talentos na \u00e1rea e contribuir para a melhoria da educa\u00e7\u00e3o b\u00e1sica.<\/p>\n\n\n\n<p>A competi\u00e7\u00e3o \u00e9 destinada a estudantes do 6\u00ba ano do ensino fundamental \u00e0 3\u00aa s\u00e9rie do ensino m\u00e9dio.<\/p>\n\n\n\n<p>Em 2019, a 15\u00aa edi\u00e7\u00e3o da Obmep registrou mais de 18 milh\u00f5es de alunos inscritos, de cerca de 54 mil escolas.<\/p>\n\n\n\n<p>Cerca de 99,71% dos munic\u00edpios brasileiros tiveram pelo menos um jovem concorrendo.<\/p>\n\n\n\n<p>A premia\u00e7\u00e3o concedeu 575 medalhas de ouro, mil 725 medalhas de prata, 5 mil 175 de bronze e at\u00e9 51 mil e 900 men\u00e7\u00f5es honrosas.<\/p>\n\n\n\n<p>A Olimp\u00edada \u00e9 realizada pelo IMPA, o Instituto de Matem\u00e1tica Pura e Aplicada&nbsp; e promovida pelos minist\u00e9rios da Educa\u00e7\u00e3o&nbsp; e da Ci\u00eancia, Tecnologia, Inova\u00e7\u00f5es e Comunica\u00e7\u00f5es. A Sociedade Brasileira de Matem\u00e1tica (SBM) tamb\u00e9m apoia a competi\u00e7\u00e3o.<\/p>\n","protected":false},"excerpt":{"rendered":"<p>As inscri\u00e7\u00f5es para a 16\u00aa Olimp\u00edada Brasileira de Matem\u00e1tica das Escolas P\u00fablicas -Obmep, de 2020 abrem nesta segunda-feira, 10 de fevereiro, e v\u00e3o at\u00e9 20&hellip; <\/p>\n","protected":false},"author":2,"featured_media":37359,"comment_status":"closed","ping_status":"closed","sticky":false,"template":"","format":"standard","meta":{"sfsi_plus_gutenberg_text_before_share":"","sfsi_plus_gutenberg_show_text_before_share":"","sfsi_plus_gutenberg_icon_type":"","sfsi_plus_gutenberg_icon_alignemt":"","sfsi_plus_gutenburg_max_per_row":"","footnotes":""},"categories":[14],"tags":[],"class_list":["post-152716","post","type-post","status-publish","format-standard","has-post-thumbnail","hentry","category-educacao"],"_links":{"self":[{"href":"https:\/\/www.caririemacao.com\/1\/wp-json\/wp\/v2\/posts\/152716","targetHints":{"allow":["GET"]}}],"collection":[{"href":"https:\/\/www.caririemacao.com\/1\/wp-json\/wp\/v2\/posts"}],"about":[{"href":"https:\/\/www.caririemacao.com\/1\/wp-json\/wp\/v2\/types\/post"}],"author":[{"embeddable":true,"href":"https:\/\/www.caririemacao.com\/1\/wp-json\/wp\/v2\/users\/2"}],"replies":[{"embeddable":true,"href":"https:\/\/www.caririemacao.com\/1\/wp-json\/wp\/v2\/comments?post=152716"}],"version-history":[{"count":1,"href":"https:\/\/www.caririemacao.com\/1\/wp-json\/wp\/v2\/posts\/152716\/revisions"}],"predecessor-version":[{"id":152717,"href":"https:\/\/www.caririemacao.com\/1\/wp-json\/wp\/v2\/posts\/152716\/revisions\/152717"}],"wp:featuredmedia":[{"embeddable":true,"href":"https:\/\/www.caririemacao.com\/1\/wp-json\/wp\/v2\/media\/37359"}],"wp:attachment":[{"href":"https:\/\/www.caririemacao.com\/1\/wp-json\/wp\/v2\/media?parent=152716"}],"wp:term":[{"taxonomy":"category","embeddable":true,"href":"https:\/\/www.caririemacao.com\/1\/wp-json\/wp\/v2\/categories?post=152716"},{"taxonomy":"post_tag","embeddable":true,"href":"https:\/\/www.caririemacao.com\/1\/wp-json\/wp\/v2\/tags?post=152716"}],"curies":[{"name":"wp","href":"https:\/\/api.w.org\/{rel}","templated":true}]}}