{"id":152721,"date":"2020-02-11T07:03:04","date_gmt":"2020-02-11T10:03:04","guid":{"rendered":"http:\/\/www.caririemacao.com\/1\/?p=152721"},"modified":"2020-02-11T07:03:05","modified_gmt":"2020-02-11T10:03:05","slug":"fogo-destroi-manilhas-e-compromete-estrutura-de-passagem-molhada-sobre-o-rio-paraiba-em-estrada-que-liga-congo-a-coxixola","status":"publish","type":"post","link":"https:\/\/www.caririemacao.com\/1\/2020\/02\/11\/fogo-destroi-manilhas-e-compromete-estrutura-de-passagem-molhada-sobre-o-rio-paraiba-em-estrada-que-liga-congo-a-coxixola\/","title":{"rendered":"Fogo destr\u00f3i manilhas e compromete estrutura de passagem molhada sobre o Rio Para\u00edba em estrada que liga Congo a Coxixola"},"content":{"rendered":"\n<p>Uma queimada sobre a qual n\u00e3o se sabe a motiva\u00e7\u00e3o ou quem a provocou, destruiu as manilhas de polipropileno e comprometeu a estrutura de uma passagem molhada constru\u00edda pelo Governo do Estado sobre o leito do Rio Para\u00edba, no S\u00edtio Barra do Rio, zona rural do munic\u00edpio do Congo, estrada que liga \u00e0 vizinha cidade de Coxixola.<\/p>\n\n\n\n<p>Equipes do Departamento de Estradas e Rodagem \u2013 DER-PB e da Prefeitura Municipal do Congo estiveram no local na manh\u00e3 desta segunda-feira (10) para averiguar o ocorrido.<\/p>\n\n\n\n<div class=\"wp-block-image\"><figure class=\"aligncenter\"><img decoding=\"async\" data-src=\"http:\/\/deolhonocariri.com.br\/wp-content\/uploads\/2020\/02\/84705736_2773402869408632_5287124790283337728_n.jpg\" alt=\"\" class=\"wp-image-77779 lazyload\" src=\"data:image\/svg+xml;base64,PHN2ZyB3aWR0aD0iMSIgaGVpZ2h0PSIxIiB4bWxucz0iaHR0cDovL3d3dy53My5vcmcvMjAwMC9zdmciPjwvc3ZnPg==\" \/><\/figure><\/div>\n\n\n\n<p>O agente do DER tirou fotos do local e levou \u00e0 sede do \u00f3rg\u00e3o em Sum\u00e9 para que as provid\u00eancias cab\u00edveis sejam tomadas&nbsp;O fogo que atingiu a estrutura da passagem molhada e queimou as manilhas originou-se da queimada de material trazido pelas \u00e1guas das chuvas, que ficou preso junto a estrutura.<\/p>\n\n\n\n<p>N\u00e3o se sabe, por\u00e9m, quem ateou o fogo nem as motiva\u00e7\u00f5es.<\/p>\n\n\n\n<p>De Olho no Cariri<\/p>\n","protected":false},"excerpt":{"rendered":"<p>Uma queimada sobre a qual n\u00e3o se sabe a motiva\u00e7\u00e3o ou quem a provocou, destruiu as manilhas de polipropileno e comprometeu a estrutura de uma&hellip; <\/p>\n","protected":false},"author":2,"featured_media":152722,"comment_status":"closed","ping_status":"closed","sticky":false,"template":"","format":"standard","meta":{"sfsi_plus_gutenberg_text_before_share":"","sfsi_plus_gutenberg_show_text_before_share":"","sfsi_plus_gutenberg_icon_type":"","sfsi_plus_gutenberg_icon_alignemt":"","sfsi_plus_gutenburg_max_per_row":"","footnotes":""},"categories":[2],"tags":[],"class_list":["post-152721","post","type-post","status-publish","format-standard","has-post-thumbnail","hentry","category-geral"],"_links":{"self":[{"href":"https:\/\/www.caririemacao.com\/1\/wp-json\/wp\/v2\/posts\/152721","targetHints":{"allow":["GET"]}}],"collection":[{"href":"https:\/\/www.caririemacao.com\/1\/wp-json\/wp\/v2\/posts"}],"about":[{"href":"https:\/\/www.caririemacao.com\/1\/wp-json\/wp\/v2\/types\/post"}],"author":[{"embeddable":true,"href":"https:\/\/www.caririemacao.com\/1\/wp-json\/wp\/v2\/users\/2"}],"replies":[{"embeddable":true,"href":"https:\/\/www.caririemacao.com\/1\/wp-json\/wp\/v2\/comments?post=152721"}],"version-history":[{"count":1,"href":"https:\/\/www.caririemacao.com\/1\/wp-json\/wp\/v2\/posts\/152721\/revisions"}],"predecessor-version":[{"id":152723,"href":"https:\/\/www.caririemacao.com\/1\/wp-json\/wp\/v2\/posts\/152721\/revisions\/152723"}],"wp:featuredmedia":[{"embeddable":true,"href":"https:\/\/www.caririemacao.com\/1\/wp-json\/wp\/v2\/media\/152722"}],"wp:attachment":[{"href":"https:\/\/www.caririemacao.com\/1\/wp-json\/wp\/v2\/media?parent=152721"}],"wp:term":[{"taxonomy":"category","embeddable":true,"href":"https:\/\/www.caririemacao.com\/1\/wp-json\/wp\/v2\/categories?post=152721"},{"taxonomy":"post_tag","embeddable":true,"href":"https:\/\/www.caririemacao.com\/1\/wp-json\/wp\/v2\/tags?post=152721"}],"curies":[{"name":"wp","href":"https:\/\/api.w.org\/{rel}","templated":true}]}}